{"id":671,"date":"2013-10-09T21:30:22","date_gmt":"2013-10-09T21:30:22","guid":{"rendered":"http:\/\/jankratochvil.com\/?p=671"},"modified":"2015-01-13T14:43:31","modified_gmt":"2015-01-13T14:43:31","slug":"vystava-k-130-vyroci-narozeni-frantiska-drtikola-exhibition-for-the-130th-anniversary-of-the-birth-of-frantisek-drtikol","status":"publish","type":"post","link":"https:\/\/jankratochvil.com\/en\/vystava-k-130-vyroci-narozeni-frantiska-drtikola-exhibition-for-the-130th-anniversary-of-the-birth-of-frantisek-drtikol\/","title":{"rendered":"V\u00fdstava k 130. v\u00fdro\u010d\u00ed narozen\u00ed Franti\u0161ka Drtikola \/ Exhibition for the 130th anniversary of the birth of Franti\u0161ek Drtikol"},"content":{"rendered":"<blockquote class=\"instagram-media\" style=\"background: #FFF; border: 0; border-radius: 3px; box-shadow: 0 0 1px 0 rgba(0,0,0,0.5),0 1px 10px 0 rgba(0,0,0,0.15); margin: 1px; max-width: 658px; padding: 0; width: calc(100% - 2px);\" data-instgrm-version=\"4\">\n<div style=\"padding: 8px;\">\n<div style=\"background: #F8F8F8; line-height: 0; margin-top: 40px; padding: 50% 0; text-align: center; width: 100%;\"><\/div>\n<p style=\"color: #c9c8cd; font-family: Arial,sans-serif; font-size: 14px; line-height: 17px; margin-bottom: 0; margin-top: 8px; overflow: hidden; padding: 8px 0 7px; text-align: center; text-overflow: ellipsis; white-space: nowrap;\"><a style=\"color: #c9c8cd; font-family: Arial,sans-serif; font-size: 14px; font-style: normal; font-weight: normal; line-height: 17px; text-decoration: none;\" href=\"https:\/\/instagram.com\/p\/fVT2QiR4Fl\/\" target=\"_top\">A photo posted by Jan Kratochvil (@jankratochvil_com)<\/a> on <time style=\"font-family: Arial,sans-serif; font-size: 14px; line-height: 17px;\" datetime=\"2013-10-11T15:57:43+00:00\">Oct 11, 2013 at 8:57am PDT<\/time><\/p>\n<\/div>\n<\/blockquote>\n<p><script src=\"\/\/platform.instagram.com\/en_US\/embeds.js\" async=\"\" defer=\"defer\"><\/script>N\u00e1v\u0161t\u011bva Prahy pro mne \u010dasto znamen\u00e1 vy\u0161et\u0159it si \u010das na zaj\u00edmavou v\u00fdstavu. Dal\u0161\u00edm pomysln\u00fdm \u201cspln\u011bn\u00edm povinnosti\u201d bylo moje p\u0159\u00e1n\u00ed vid\u011bt d\u00edla pana <strong>Fr\u00e1ni Drtikola<\/strong> in natura. Proch\u00e1zen\u00edm nab\u00eddek v\u00fdstav jsem narazil na v\u00fdstavu tohoto vzoru mnoha fotograf\u016f.\u00a0Volba byla tedy okam\u017eit\u011b jasn\u00e1. Expozice byla um\u00edst\u011bna v <a href=\"http:\/\/www.upm.cz\/\" target=\"_blank\">Um\u011bleckopr\u016fmyslov\u00e9m muzeu<\/a> a konala se u p\u0159\u00edle\u017eitosti 130. v\u00fdro\u010d\u00ed narozen\u00ed Franti\u0161ka Drtikola. Je v\u011bnov\u00e1na Josefu Richardu Markovi, autorovi prvn\u00ed Drtikolovy monografie. <strong>9. \u0159\u00edjen\u00a02013 byl m\u016fj prvn\u00ed den s panem Drtikolem.<\/strong><\/p>\n<div>\n<a href=\"http:\/\/jankratochvil.com\/en\/?p=835\"><img fetchpriority=\"high\" decoding=\"async\" class=\"alignnone  wp-image-823\" style=\"line-height: 1.5;\" src=\"http:\/\/jankratochvil.com\/wp-content\/uploads\/2015\/01\/IMG_1016-768x1024.jpg\" alt=\"Um\u011bleckopr\u016fmyslov\u00e9 muzeum Praha\" width=\"425\" height=\"567\" \/><\/a><\/p>\n<table>\n<tbody>\n<tr>\n<td><a href=\"http:\/\/jankratochvil.com\/en\/?p=835\"><img decoding=\"async\" class=\"alignnone  wp-image-824\" src=\"http:\/\/jankratochvil.com\/wp-content\/uploads\/2015\/01\/IMG_1017-768x1024.jpg\" alt=\"Drtikol plak\u00e1t v\u00fdstavy\" width=\"425\" height=\"567\" \/><\/a><\/td>\n<\/tr>\n<\/tbody>\n<\/table>\n<p>&nbsp;\n<\/p><\/div>\n<p>Jak jsem se do\u010detl, tak vystavovan\u00e9 pracovn\u00ed studie a variace ve sv\u00e9 dob\u011b nebyly ur\u010deny k ve\u0159ejn\u00e9mu prezentov\u00e1n\u00ed. O to v\u00edce byl m\u016fj z\u00e1jem v\u00fdstavu nav\u0161t\u00edvit v\u011bt\u0161\u00ed. <a href=\"http:\/\/jankratochvil.com\/en\/?p=835\"><img decoding=\"async\" class=\"alignnone  wp-image-827\" src=\"http:\/\/jankratochvil.com\/wp-content\/uploads\/2015\/01\/IMG_1036-768x1024.jpg\" alt=\"Schody v Um\u011bleckopr\u016fmyslov\u00e9m muzeu \/ Stairs in the museum\" width=\"731\" height=\"975\" \/><\/a> Budova <a href=\"http:\/\/www.upm.cz\/\" target=\"_blank\">Museum of Decorative Arts in Prague<\/a> je kr\u00e1sn\u00e1 stavba. Interi\u00e9r je pro v\u00fdstavy tohoto typu p\u0159\u00edmo stvo\u0159en. <\/p>\n<p><a href=\"http:\/\/jankratochvil.com\/en\/?p=835\"><img loading=\"lazy\" decoding=\"async\" class=\"alignnone  wp-image-825\" src=\"http:\/\/jankratochvil.com\/wp-content\/uploads\/2015\/01\/IMG_1023-768x1024.jpg\" alt=\"Drtikol - Du\u0161e \/ Spirit\" width=\"318\" height=\"424\" \/> <\/a><sub>Du\u0161e 1931 &#8211; bromost\u0159\u00edbrn\u00e1 kontaktn\u00ed fotografie<\/sub>\u00a0\u00a0\u00a0<\/p>\n<table style=\"height: 443px;\" width=\"712\">\n<tbody>\n<tr>\n<td><img loading=\"lazy\" decoding=\"async\" class=\"alignnone  wp-image-826\" src=\"http:\/\/jankratochvil.com\/wp-content\/uploads\/2015\/01\/IMG_1033-768x1024.jpg\" alt=\"Drtikolovy cit\u00e1ty \/ Drtikol's quotations\" width=\"311\" height=\"415\" \/><sub>Drtikolovy cit\u00e1ty<\/sub><\/td>\n<\/tr>\n<\/tbody>\n<\/table>\n<p>V\u00fdstavu prov\u00e1zel tak\u00e9 audiovizu\u00e1ln\u00ed program, jeho\u017e sou\u010d\u00e1st\u00ed byl i kr\u00e1tk\u00fd dokument o Drtikolov\u011b \u017eivot\u011b. Nen\u00ed bez zaj\u00edmavosti, \u017ee Drtikolova tvorba vznikala za doby finan\u010dn\u00ed krize, kdy jeho studio p\u0159\u00edli\u0161 neprosperovalo. Nav\u00edc ur\u010dit\u00e1 d\u00edla, kter\u00e1 v tu dobu Fr\u00e1\u0148a tvo\u0159il, d\u011blal s v\u011bdom\u00edm, \u017ee z n\u011bj nebude profitovat. O to v\u00edc je t\u0159eba si takov\u00fdch d\u011bl cenit. V\u00fdstavou jsem byl nad\u0161en a nic na tom nezm\u011bnilo i ob\u010dasn\u00e9 ru\u0161en\u00ed skupiny mlad\u00fdch turist\u016f, pro kter\u00e9 byla n\u00e1v\u0161t\u011bva asi tro\u0161ku nezaj\u00edmav\u00e1. Sp\u00ed\u0161e snad\u00a0povinn\u00e1 &#8222;\u0161koln\u00ed&#8220; v\u00fdstava je tro\u0161ku odradila se v\u00edce koncentrovat na prezentovan\u00e9 p\u0159edm\u011bty. Kvalita Fr\u00e1\u0148ovy tvorby byla v jeho dob\u011b nedocen\u011bna, ale tak tomu u \u010d\u00e1sti um\u011blc\u016f b\u00fdv\u00e1 bohu\u017eel a\u017e po jejich fyzick\u00e9 existenci. Je na lidech, aby udr\u017eeli a p\u0159ipom\u00ednali jejich odkaz v pam\u011bti p\u0159\u00ed\u0161t\u00edch generac\u00ed, ze kter\u00fdch m\u016f\u017eeme autorovu tvorbu studovat a br\u00e1t ji jako inspira\u010dn\u00ed impuls pro vlastn\u00ed tvorbu. &#8212; ENGLISH VERSION \u00a0&#8212; <\/p>\n<blockquote class=\"instagram-media\" style=\"background: #FFF; border: 0; border-radius: 3px; box-shadow: 0 0 1px 0 rgba(0,0,0,0.5),0 1px 10px 0 rgba(0,0,0,0.15); margin: 1px; max-width: 658px; padding: 0; width: calc(100% - 2px);\" data-instgrm-version=\"4\">\n<div style=\"padding: 8px;\">\n<div style=\"background: #F8F8F8; line-height: 0; margin-top: 40px; padding: 50% 0; text-align: center; width: 100%;\"><\/div>\n<p>&nbsp;<\/p>\n<p><a style=\"color: #c9c8cd; font-family: Arial,sans-serif; font-size: 14px; font-style: normal; font-weight: normal; line-height: 17px; text-decoration: none;\" href=\"https:\/\/instagram.com\/p\/fVT2QiR4Fl\/\" target=\"_top\">A photo posted by Jan Kratochvil (@jankratochvil_com)<\/a> on <time style=\"font-family: Arial,sans-serif; font-size: 14px; line-height: 17px;\" datetime=\"2013-10-11T15:57:43+00:00\">Oct 11, 2013 at 8:57am PDT<\/time>\n<\/div>\n<\/blockquote>\n<p><script src=\"\/\/platform.instagram.com\/en_US\/embeds.js\" async=\"\" defer=\"defer\"><\/script><br \/>\nTo visit Prague means for often to find some spare time for an interesting exhibition.<br \/>\nOne of my next &#8222;fulfillment of obligations&#8220; was my desire to see in natura the works of Mr. Frana Drtikol. During my searching for exhibitions I came to the exhibition of a Czech master who is a role model for many photographers. The choice was therefore immediately clear for me. The exposition was placed in the Museum of Decorative Arts, held on the occasion of the 130th anniversary of the Mr. Drtikol\u2019s birth. The exposition is dedicated to Josef Richard Mark, author of the first Drtikol\u2019s monography.<br \/>\n<strong>October 9, 2013 was my first day with Mr. Franti\u0161ek Drtikol<\/strong><\/p>\n<div>\n<table>\n<tbody>\n<tr>\n<td><a href=\"http:\/\/jankratochvil.com\/en\/?p=835\"><img decoding=\"async\" class=\"alignnone  wp-image-824\" src=\"http:\/\/jankratochvil.com\/wp-content\/uploads\/2015\/01\/IMG_1017-768x1024.jpg\" alt=\"Drtikol plak\u00e1t v\u00fdstavy\" width=\"425\" height=\"567\" \/><\/a><\/td>\n<td><a href=\"http:\/\/jankratochvil.com\/en\/?p=835\"><img loading=\"lazy\" decoding=\"async\" class=\"alignnone  wp-image-823\" style=\"line-height: 1.5;\" src=\"http:\/\/jankratochvil.com\/wp-content\/uploads\/2015\/01\/IMG_1016-768x1024.jpg\" alt=\"Museum of Decorative Arts, Prague\" width=\"425\" height=\"567\" \/><\/a><\/td>\n<\/tr>\n<\/tbody>\n<\/table>\n<\/div>\n<p>As I have read the exhibited work and study variations in \u201cDrtikol\u2019s\u201d time were not intended for the public presentation. Therefore I have been very interested to see them with my own eyes.<\/p>\n<p><a href=\"http:\/\/jankratochvil.com\/en\/?p=835\"><img loading=\"lazy\" decoding=\"async\" class=\"alignnone  wp-image-827\" src=\"http:\/\/jankratochvil.com\/wp-content\/uploads\/2015\/01\/IMG_1036-768x1024.jpg\" alt=\"Stairs in Museum of Decorative Arts, Prague \/ Stairs in the museum\" width=\"731\" height=\"975\" \/><\/a><\/p>\n<p>The building <a href=\"http:\/\/www.upm.cz\/\" target=\"_blank\">Museum of Decorative Arts<\/a> is a beautiful house. The interior is well suited for such a event.<\/p>\n<table style=\"height: 443px;\" width=\"712\">\n<tbody>\n<tr>\n<td><img loading=\"lazy\" decoding=\"async\" class=\"alignnone  wp-image-826\" src=\"http:\/\/jankratochvil.com\/wp-content\/uploads\/2015\/01\/IMG_1033-768x1024.jpg\" alt=\"Drtikolovy cit\u00e1ty \/ Drtikol's quotations\" width=\"311\" height=\"415\" \/><sub>Drtikol&#8217;s quotations<\/sub><\/td>\n<td><a href=\"http:\/\/jankratochvil.com\/en\/?p=835\"><img loading=\"lazy\" decoding=\"async\" class=\"alignnone  wp-image-825\" src=\"http:\/\/jankratochvil.com\/wp-content\/uploads\/2015\/01\/IMG_1023-768x1024.jpg\" alt=\"Drtikol - Spirit \/ Spirit\" width=\"318\" height=\"424\" \/><br \/>\n<\/a><sub>Spirit 1931 &#8211; Brom-silver contact print<\/sub><\/td>\n<\/tr>\n<\/tbody>\n<\/table>\n<p>The exhibition was accompanied by audio-visual program, which included a short documentary about the life of Drtikol.<\/p>\n<p>It is interesting that Drtikol&#8217;s art was created during the time of financial crisis, when his studio did not prosper. In addition, certain works which at that time Fr\u00e1\u0148a formed, was made with the understanding that it does not bring any financial benefit. Therefore it is important to appreciate such works.<\/p>\n<p>I was excited and nothing changed on it an occasional interference of young tourists, for which it was probably a bit boring. Perhaps an obligation of that young people a little discouraged them to be more focused on the true content.<\/p>\n<p>The quality of Drtikol&#8217;s work was unappreciated in his time period, but this is nothing unsual by artists.<br \/>\nIt is dependent on people to keep and remind their messages in the memory for future generations, from which we can study artists work and take it as an inspirational impulse for our own work.<\/p>","protected":false},"excerpt":{"rendered":"<p>A photo posted by Jan Kratochvil (@jankratochvil_com) on Oct 11, 2013 at 8:57am PDT N\u00e1v\u0161t\u011bva Prahy pro mne \u010dasto znamen\u00e1 vy\u0161et\u0159it si \u010das na zaj\u00edmavou v\u00fdstavu. Dal\u0161\u00edm pomysln\u00fdm \u201cspln\u011bn\u00edm povinnosti\u201d bylo moje p\u0159\u00e1n\u00ed vid\u011bt d\u00edla pana Fr\u00e1ni Drtikola in natura. [&hellip;]<\/p>","protected":false},"author":2,"featured_media":824,"comment_status":"open","ping_status":"open","sticky":false,"template":"","format":"standard","meta":{"_eb_attr":"","footnotes":""},"categories":[121,74,122],"tags":[103,123,126,116,100,111,125,124],"class_list":["post-671","post","type-post","status-publish","format-standard","has-post-thumbnail","hentry","category-frantisek-drtikol","category-instagram","category-praha","tag-drtikol","tag-exhibition","tag-frantisek","tag-iphone-4s","tag-narodni-muzeum-fotografie","tag-praha","tag-prau","tag-vystava"],"_links":{"self":[{"href":"https:\/\/jankratochvil.com\/en\/wp-json\/wp\/v2\/posts\/671","targetHints":{"allow":["GET"]}}],"collection":[{"href":"https:\/\/jankratochvil.com\/en\/wp-json\/wp\/v2\/posts"}],"about":[{"href":"https:\/\/jankratochvil.com\/en\/wp-json\/wp\/v2\/types\/post"}],"author":[{"embeddable":true,"href":"https:\/\/jankratochvil.com\/en\/wp-json\/wp\/v2\/users\/2"}],"replies":[{"embeddable":true,"href":"https:\/\/jankratochvil.com\/en\/wp-json\/wp\/v2\/comments?post=671"}],"version-history":[{"count":0,"href":"https:\/\/jankratochvil.com\/en\/wp-json\/wp\/v2\/posts\/671\/revisions"}],"wp:featuredmedia":[{"embeddable":true,"href":"https:\/\/jankratochvil.com\/en\/wp-json\/wp\/v2\/media\/824"}],"wp:attachment":[{"href":"https:\/\/jankratochvil.com\/en\/wp-json\/wp\/v2\/media?parent=671"}],"wp:term":[{"taxonomy":"category","embeddable":true,"href":"https:\/\/jankratochvil.com\/en\/wp-json\/wp\/v2\/categories?post=671"},{"taxonomy":"post_tag","embeddable":true,"href":"https:\/\/jankratochvil.com\/en\/wp-json\/wp\/v2\/tags?post=671"}],"curies":[{"name":"wp","href":"https:\/\/api.w.org\/{rel}","templated":true}]}}