{"id":1188,"date":"2015-10-20T19:47:19","date_gmt":"2015-10-20T19:47:19","guid":{"rendered":"http:\/\/jankratochvil.com\/?p=1188"},"modified":"2015-10-31T17:39:28","modified_gmt":"2015-10-31T17:39:28","slug":"kolodium-prezentace-kolodioveho-procesu-na-fotografickem-vikendu-kaminka-2015-my-wet-plate-collodion-presentation-at-photo-meeting-kaminka-2015","status":"publish","type":"post","link":"https:\/\/jankratochvil.com\/en\/kolodium-prezentace-kolodioveho-procesu-na-fotografickem-vikendu-kaminka-2015-my-wet-plate-collodion-presentation-at-photo-meeting-kaminka-2015\/","title":{"rendered":"Prezentace kolodiov\u00e9ho procesu na fotografick\u00e9m v\u00edkendu Kam\u00ednka 2015 \/  My wet plate collodion presentation at photo meeting Kaminka 2015"},"content":{"rendered":"<p><a href=\"http:\/\/fotoklub-otrokovice.cz\/wp-content\/uploads\/2015\/07\/plakat-web-kaminka-2015.jpg\"><img fetchpriority=\"high\" decoding=\"async\" class=\"alignnone size-full wp-image-1218\" src=\"http:\/\/jankratochvil.com\/wp-content\/uploads\/2015\/10\/kolodium-jan-kratochvil-plakat-web-kaminka-2015.jpg\" alt=\"Kam\u00ednka 2015\" width=\"636\" height=\"900\" \/><\/a><\/p>\n<p><strong>D\u011bkuji<\/strong> <a href=\"http:\/\/www.fomei.com\/sk\">FOMEI Slovakia s.r.o.<\/a> t\u00fdmu (p\u0159edev\u0161\u00edm <a href=\"https:\/\/www.facebook.com\/martauhrinkova\">Marta Bluskov\u00e1 Uhrinkova<\/a>) za perfektn\u00ed spolupr\u00e1ci v nov\u00e9m pro mne dosud nezn\u00e1m\u00e9m prost\u0159ed\u00ed <a href=\"http:\/\/fotoklub-otrokovice.cz\/2015\/07\/5-setkani-a-workshop-kaminka-2015\/\">Kam\u00ednky<\/a>.<br \/>\nByla to velk\u00e1 v\u00fdzva vyzkou\u0161et poprv\u00e9 <a href=\"http:\/\/www.fomei.com\/sk\">Fomei<\/a> sv\u011btla s kolodiem. Bez Fomei t\u00fdmu a jejich sv\u011btel bych to nezvl\u00e1dl.<br \/>\n\u0160koda, \u017ee nebylo v\u00edce \u010dasu, ta t\u0159et\u00ed expozice by byla ta spr\u00e1vn\u00e1 \ud83d\ude42\u00a0Ale o to p\u0159i prezenci a\u017e tak ne\u0161lo.<br \/>\nV\u011b\u0159\u00edm, \u017ee jsme se nevid\u011bli naposledy.<\/p>\n<div id=\"attachment_1203\" style=\"width: 661px\" class=\"wp-caption alignnone\"><a href=\"http:\/\/jankratochvil.com\/wp-content\/uploads\/2015\/10\/kolodium-collodion-wetplate-photo-kaminka-2015-jan-kratochvil.jpg\"><img decoding=\"async\" aria-describedby=\"caption-attachment-1203\" class=\"wp-image-1203\" src=\"http:\/\/jankratochvil.com\/wp-content\/uploads\/2015\/10\/kolodium-collodion-wetplate-photo-kaminka-2015-jan-kratochvil-1024x621.jpg\" alt=\"kolodium-collodion-wetplate-photo-kaminka-2015-jan-kratochvil\" width=\"651\" height=\"394\" \/><\/a><p id=\"caption-attachment-1203\" class=\"wp-caption-text\">Fomei sv\u011btla pro focen\u00ed na kolodium, Kam\u00ednka 2015<\/p><\/div>\n<blockquote class=\"instagram-media\" style=\"background: #FFF; border: 0; border-radius: 3px; box-shadow: 0 0 1px 0 rgba(0,0,0,0.5),0 1px 10px 0 rgba(0,0,0,0.15); margin: 1px; max-width: 658px; padding: 0; width: calc(100% - 2px);\" data-instgrm-version=\"5\">\n<div style=\"padding: 8px;\">\n<div style=\"background: #F8F8F8; line-height: 0; margin-top: 40px; padding: 50.0% 0; text-align: center; width: 100%;\"><\/div>\n<p style=\"color: #c9c8cd; font-family: Arial,sans-serif; font-size: 14px; line-height: 17px; margin-bottom: 0; margin-top: 8px; overflow: hidden; padding: 8px 0 7px; text-align: center; text-overflow: ellipsis; white-space: nowrap;\"><a style=\"color: #c9c8cd; font-family: Arial,sans-serif; font-size: 14px; font-style: normal; font-weight: normal; line-height: 17px; text-decoration: none;\" href=\"https:\/\/instagram.com\/p\/9CChzRx4Ip\/\" target=\"_blank\">Fotka zve\u0159ejn\u011bn\u00e1 u\u017eivatelem Jan Kratochvil (@jankratochvil_com)<\/a>, <time style=\"font-family: Arial,sans-serif; font-size: 14px; line-height: 17px;\" datetime=\"2015-10-19T20:02:38+00:00\">\u0158\u00edj 19, 2015 v 1:02 PDT<\/time><\/p>\n<\/div>\n<\/blockquote>\n<p><script src=\"\/\/platform.instagram.com\/en_US\/embeds.js\" async=\"\" defer=\"defer\"><\/script><\/p>\n<p>&nbsp;<\/p>\n<p><img decoding=\"async\" class=\"alignnone size-large wp-image-1209\" src=\"http:\/\/jankratochvil.com\/wp-content\/uploads\/2015\/10\/kolodium-ambrotype-eastman-kodak-jan-kratochvil-772x1024.jpg\" alt=\"Svatopluk\" width=\"772\" height=\"1024\" \/><br \/>\n&#8212; ENGLISH VERSION&#8212;<\/p>\n<div id=\"attachment_1195\" style=\"width: 645px\" class=\"wp-caption alignnone\"><a href=\"http:\/\/jankratochvil.com\/wp-content\/uploads\/2015\/10\/kolodium-collodion-wetplate-kolodiova-prezentace-kaminka-2015.jpg\"><img loading=\"lazy\" decoding=\"async\" aria-describedby=\"caption-attachment-1195\" class=\"wp-image-1195\" src=\"http:\/\/jankratochvil.com\/wp-content\/uploads\/2015\/10\/kolodium-collodion-wetplate-kolodiova-prezentace-kaminka-2015-1024x768.jpg\" alt=\"kolodium-collodion-wetplate-kolodiova-prezentace-kaminka-2015\" width=\"635\" height=\"477\" \/><\/a><p id=\"caption-attachment-1195\" class=\"wp-caption-text\">Kolodium-collodion-wetplate-presentataion-Kaminka-2015<\/p><\/div>\n<p><span class=\"text_exposed_show\">Thank you <a href=\"http:\/\/www.fomei.com\/sk\">FOMEI<\/a> Slovakia! (especially <a href=\"https:\/\/www.facebook.com\/martauhrinkova\">Marta Bluskov\u00e1 Uhrinkova<\/a>) for the excellent cooperation in unknown environment. It was a big challenge to use not tested Fomei speed light. Without you I would not have done it. If we have more time the 3rd exposure is the correct one\u00a0\ud83d\ude42<br \/>\nI believe that we can meet again.<br \/>\nHere is the scanned ambrotype.<br \/>\n<img decoding=\"async\" class=\"alignnone size-large wp-image-1209\" src=\"http:\/\/jankratochvil.com\/wp-content\/uploads\/2015\/10\/kolodium-ambrotype-eastman-kodak-jan-kratochvil-772x1024.jpg\" alt=\"Svatopluk\" width=\"772\" height=\"1024\" \/><br \/>\n<\/span><\/p>","protected":false},"excerpt":{"rendered":"<p>D\u011bkuji FOMEI Slovakia s.r.o. t\u00fdmu (p\u0159edev\u0161\u00edm Marta Bluskov\u00e1 Uhrinkova) za perfektn\u00ed spolupr\u00e1ci v nov\u00e9m pro mne dosud nezn\u00e1m\u00e9m prost\u0159ed\u00ed Kam\u00ednky. Byla to velk\u00e1 v\u00fdzva vyzkou\u0161et poprv\u00e9 Fomei sv\u011btla s kolodiem. Bez Fomei t\u00fdmu a jejich sv\u011btel bych to nezvl\u00e1dl. \u0160koda, [&hellip;]<\/p>","protected":false},"author":2,"featured_media":1195,"comment_status":"closed","ping_status":"closed","sticky":false,"template":"","format":"standard","meta":{"_eb_attr":"","footnotes":""},"categories":[151,65,106],"tags":[62,69,152,61,92],"class_list":["post-1188","post","type-post","status-publish","format-standard","has-post-thumbnail","hentry","category-presentation","category-wet-plate-collodion","category-workshops","tag-collodion","tag-kolodium","tag-presentation","tag-wetplate","tag-workshop"],"_links":{"self":[{"href":"https:\/\/jankratochvil.com\/en\/wp-json\/wp\/v2\/posts\/1188","targetHints":{"allow":["GET"]}}],"collection":[{"href":"https:\/\/jankratochvil.com\/en\/wp-json\/wp\/v2\/posts"}],"about":[{"href":"https:\/\/jankratochvil.com\/en\/wp-json\/wp\/v2\/types\/post"}],"author":[{"embeddable":true,"href":"https:\/\/jankratochvil.com\/en\/wp-json\/wp\/v2\/users\/2"}],"replies":[{"embeddable":true,"href":"https:\/\/jankratochvil.com\/en\/wp-json\/wp\/v2\/comments?post=1188"}],"version-history":[{"count":0,"href":"https:\/\/jankratochvil.com\/en\/wp-json\/wp\/v2\/posts\/1188\/revisions"}],"wp:featuredmedia":[{"embeddable":true,"href":"https:\/\/jankratochvil.com\/en\/wp-json\/wp\/v2\/media\/1195"}],"wp:attachment":[{"href":"https:\/\/jankratochvil.com\/en\/wp-json\/wp\/v2\/media?parent=1188"}],"wp:term":[{"taxonomy":"category","embeddable":true,"href":"https:\/\/jankratochvil.com\/en\/wp-json\/wp\/v2\/categories?post=1188"},{"taxonomy":"post_tag","embeddable":true,"href":"https:\/\/jankratochvil.com\/en\/wp-json\/wp\/v2\/tags?post=1188"}],"curies":[{"name":"wp","href":"https:\/\/api.w.org\/{rel}","templated":true}]}}