{"id":11380,"date":"2026-08-30T08:26:34","date_gmt":"2026-08-30T08:26:34","guid":{"rendered":"https:\/\/jankratochvil.com\/?p=11380"},"modified":"2026-08-30T09:00:52","modified_gmt":"2026-08-30T09:00:52","slug":"zidovsky-hrbitov-trebic-unesco","status":"publish","type":"post","link":"https:\/\/jankratochvil.com\/en\/zidovsky-hrbitov-trebic-unesco\/","title":{"rendered":"Jewish Cemetery T\u0159eb\u00ed\u010d through a Hasselblad lens on Fomapan film"},"content":{"rendered":"<h1>I visit the Jewish cemetery in T\u0159eb\u00ed\u010d quite often.<\/h1>\n<h2>I like to walk there, and sometimes I take a camera and take some photos. These are 9 of the 12 photos that I managed to take in 2025 and I am only publishing them now (30.08.2026).<\/h2>\n<p>I also managed to catch the nice weather at that moment \u2013 the play of shadows with the individual graves and the vegetation in the old cemetery environment fit together gracefully.<\/p>\n<p>This place is truly one of those that is worth visiting if you visit T\u0159eb\u00ed\u010d, are interested in history, and would like to see how fellow citizens in T\u0159eb\u00ed\u010d buried their relatives and acquaintances.<\/p>\n<p>In the gallery on this page you can view black and white images taken with a medium format camera on a Fomapan 200. Developed in my darkroom and scanned with an Epson scanner.<br \/>\nHere are some color documentary photos of my walk and photoshoot.<\/p>\n<p>If you enjoy analog photography, would like to learn more about it, or would like an analog photoshoot, just contact me at the following <a href=\"https:\/\/jankratochvil.com\/en\/kontakt-jan-kratochvil-fotograf-trebic\/\">contacts<\/a> on my website.<br \/>\n____<br \/>\n<a href=\"https:\/\/cs.wikipedia.org\/wiki\/\u017didovsk\u00fd_h\u0159bitov_v_T\u0159eb\u00ed\u010di\">Wikipedia<\/a>:<br \/>\n\u201e&quot;The Jewish cemetery in T\u0159eb\u00ed\u010d is one of the largest in <a id=\"mwIg\" title=\"Czechia\" href=\"https:\/\/cs.wikipedia.org\/wiki\/%C4%8Cesko\" rel=\"mw:WikiLink\">Czech Republic<\/a>.<sup id=\"cite_ref-4\" class=\"mw-ref reference\" data-mw=\"{&quot;name&quot;:&quot;ref&quot;,&quot;attrs&quot;:{},&quot;body&quot;:{&quot;id&quot;:&quot;mw-reference-text-cite_note-4&quot;}}\"><\/sup>It is located on the northern slope <a id=\"mwJw\" title=\"Hradek (T\u0159eb\u00ed\u010d)\" href=\"https:\/\/cs.wikipedia.org\/wiki\/Hr%C3%A1dek_(T%C5%99eb%C3%AD%C4%8D)\" rel=\"mw:WikiLink\">Hradek<\/a> on a total area of 11,678 m\u00b2.<sup id=\"cite_ref-5\" class=\"mw-ref reference\" data-mw=\"{&quot;name&quot;:&quot;ref&quot;,&quot;attrs&quot;:{},&quot;body&quot;:{&quot;id&quot;:&quot;mw-reference-text-cite_note-5&quot;}}\"><\/sup> There are 2,600 tombstones on it, the oldest of which is still legible and dates back to 1631. About 11,000 people were buried here.\u201c<br \/>\n____<br \/>\n<div class=\"standard_wrapper\"><div id=\"17885314711916478678\" data-gallery-id=\"11352\" data-items=\"0\" data-columns=\"3\" data-type=\"grid\" class=\"portfolio_filter_wrapper infinite_grid portfolio-content content gallery three_cols contain\"><div class=\"element grid  classic3_cols kenburns\"><div class=\"one_third gallery3 static filterable gallery_type gallery_image animated1\"><a data-rel=\"photography_gallery_11352\" data-title=\"\u017didovsk\u00fd h\u0159bitov T\u0159eb\u00ed\u010d\" data-desc=\"\" data-thumb=\"https:\/\/jankratochvil.com\/wp-content\/uploads\/2026\/08\/jewish-cemetery-zidovsky-hrbitov-trebic-unesco-04-225x300.jpg\" href=\"https:\/\/jankratochvil.com\/wp-content\/uploads\/2026\/08\/jewish-cemetery-zidovsky-hrbitov-trebic-unesco-04.jpg\"  class=\"fancy-gallery\"><img decoding=\"async\" src=\"https:\/\/jankratochvil.com\/wp-content\/uploads\/2026\/08\/jewish-cemetery-zidovsky-hrbitov-trebic-unesco-04-705x529.jpg\" alt=\"\" class=\"preview\"\/><\/a><\/div><\/div><div class=\"element grid  classic3_cols kenburns\"><div class=\"one_third gallery3 static filterable gallery_type gallery_image animated2\"><a data-rel=\"photography_gallery_11352\" data-title=\"\u017didovsk\u00fd h\u0159bitov T\u0159eb\u00ed\u010d\" data-desc=\"\" data-thumb=\"https:\/\/jankratochvil.com\/wp-content\/uploads\/2026\/08\/jewish-cemetery-zidovsky-hrbitov-trebic-unesco-06-225x300.jpg\" href=\"https:\/\/jankratochvil.com\/wp-content\/uploads\/2026\/08\/jewish-cemetery-zidovsky-hrbitov-trebic-unesco-06.jpg\"  class=\"fancy-gallery\"><img decoding=\"async\" src=\"https:\/\/jankratochvil.com\/wp-content\/uploads\/2026\/08\/jewish-cemetery-zidovsky-hrbitov-trebic-unesco-06-705x529.jpg\" alt=\"\" class=\"preview\"\/><\/a><\/div><\/div><div class=\"element grid  classic3_cols kenburns\"><div class=\"one_third gallery3 static filterable gallery_type gallery_image animated3\"><a data-rel=\"photography_gallery_11352\" data-title=\"\u017didovsk\u00fd h\u0159bitov T\u0159eb\u00ed\u010d\" data-desc=\"\" data-thumb=\"https:\/\/jankratochvil.com\/wp-content\/uploads\/2026\/08\/jewish-cemetery-zidovsky-hrbitov-trebic-unesco-14-300x295.jpg\" href=\"https:\/\/jankratochvil.com\/wp-content\/uploads\/2026\/08\/jewish-cemetery-zidovsky-hrbitov-trebic-unesco-14.jpg\"  class=\"fancy-gallery\"><img decoding=\"async\" src=\"https:\/\/jankratochvil.com\/wp-content\/uploads\/2026\/08\/jewish-cemetery-zidovsky-hrbitov-trebic-unesco-14-705x529.jpg\" alt=\"\" class=\"preview\"\/><\/a><\/div><\/div><div class=\"element grid  classic3_cols kenburns\"><div class=\"one_third gallery3 static filterable gallery_type gallery_image animated4\"><a data-rel=\"photography_gallery_11352\" data-title=\"\u017didovsk\u00fd h\u0159bitov T\u0159eb\u00ed\u010d\" data-desc=\"\" data-thumb=\"https:\/\/jankratochvil.com\/wp-content\/uploads\/2026\/08\/jewish-cemetery-zidovsky-hrbitov-trebic-unesco-12-300x300.jpg\" href=\"https:\/\/jankratochvil.com\/wp-content\/uploads\/2026\/08\/jewish-cemetery-zidovsky-hrbitov-trebic-unesco-12.jpg\"  class=\"fancy-gallery\"><img decoding=\"async\" src=\"https:\/\/jankratochvil.com\/wp-content\/uploads\/2026\/08\/jewish-cemetery-zidovsky-hrbitov-trebic-unesco-12-705x529.jpg\" alt=\"\" class=\"preview\"\/><\/a><\/div><\/div><div class=\"element grid  classic3_cols kenburns\"><div class=\"one_third gallery3 static filterable gallery_type gallery_image animated5\"><a data-rel=\"photography_gallery_11352\" data-title=\"\u017didovsk\u00fd h\u0159bitov T\u0159eb\u00ed\u010d\" data-desc=\"\" data-thumb=\"https:\/\/jankratochvil.com\/wp-content\/uploads\/2026\/08\/jewish-cemetery-zidovsky-hrbitov-trebic-unesco-13-300x300.jpg\" href=\"https:\/\/jankratochvil.com\/wp-content\/uploads\/2026\/08\/jewish-cemetery-zidovsky-hrbitov-trebic-unesco-13.jpg\"  class=\"fancy-gallery\"><img decoding=\"async\" src=\"https:\/\/jankratochvil.com\/wp-content\/uploads\/2026\/08\/jewish-cemetery-zidovsky-hrbitov-trebic-unesco-13-705x529.jpg\" alt=\"\" class=\"preview\"\/><\/a><\/div><\/div><div class=\"element grid  classic3_cols kenburns\"><div class=\"one_third gallery3 static filterable gallery_type gallery_image animated6\"><a data-rel=\"photography_gallery_11352\" data-title=\"\u017didovsk\u00fd h\u0159bitov T\u0159eb\u00ed\u010d\" data-desc=\"\" data-thumb=\"https:\/\/jankratochvil.com\/wp-content\/uploads\/2026\/08\/jewish-cemetery-zidovsky-hrbitov-trebic-unesco-11-300x289.jpg\" href=\"https:\/\/jankratochvil.com\/wp-content\/uploads\/2026\/08\/jewish-cemetery-zidovsky-hrbitov-trebic-unesco-11.jpg\"  class=\"fancy-gallery\"><img decoding=\"async\" src=\"https:\/\/jankratochvil.com\/wp-content\/uploads\/2026\/08\/jewish-cemetery-zidovsky-hrbitov-trebic-unesco-11-705x529.jpg\" alt=\"\" class=\"preview\"\/><\/a><\/div><\/div><div class=\"element grid  classic3_cols kenburns\"><div class=\"one_third gallery3 static filterable gallery_type gallery_image animated7\"><a data-rel=\"photography_gallery_11352\" data-title=\"\u017didovsk\u00fd h\u0159bitov T\u0159eb\u00ed\u010d\" data-desc=\"\" data-thumb=\"https:\/\/jankratochvil.com\/wp-content\/uploads\/2026\/08\/jewish-cemetery-zidovsky-hrbitov-trebic-unesco-15-300x290.jpg\" href=\"https:\/\/jankratochvil.com\/wp-content\/uploads\/2026\/08\/jewish-cemetery-zidovsky-hrbitov-trebic-unesco-15.jpg\"  class=\"fancy-gallery\"><img decoding=\"async\" src=\"https:\/\/jankratochvil.com\/wp-content\/uploads\/2026\/08\/jewish-cemetery-zidovsky-hrbitov-trebic-unesco-15-705x529.jpg\" alt=\"T\u0159eb\u00ed\u010dsk\u00fd \u017eidovsk\u00fd h\u0159bitov objektivem analogov\u00e9ho fotoapar\u00e1tu. Fotogalerie 9 sn\u00edmk\u016f zachycuj\u00edc\u00edch jedine\u010dnou atmosf\u00e9ru, hru sv\u011btel a historii jednoho z nejv\u00fdznamn\u011bj\u0161\u00edch m\u00edst T\u0159eb\u00ed\u010de.\" class=\"preview\"\/><\/a><\/div><\/div><div class=\"element grid  classic3_cols kenburns\"><div class=\"one_third gallery3 static filterable gallery_type gallery_image animated8\"><a data-rel=\"photography_gallery_11352\" data-title=\"\u017didovsk\u00fd h\u0159bitov T\u0159eb\u00ed\u010d\" data-desc=\"\" data-thumb=\"https:\/\/jankratochvil.com\/wp-content\/uploads\/2026\/08\/jewish-cemetery-zidovsky-hrbitov-trebic-unesco-09-300x289.jpg\" href=\"https:\/\/jankratochvil.com\/wp-content\/uploads\/2026\/08\/jewish-cemetery-zidovsky-hrbitov-trebic-unesco-09.jpg\"  class=\"fancy-gallery\"><img decoding=\"async\" src=\"https:\/\/jankratochvil.com\/wp-content\/uploads\/2026\/08\/jewish-cemetery-zidovsky-hrbitov-trebic-unesco-09-705x529.jpg\" alt=\"\" class=\"preview\"\/><\/a><\/div><\/div><div class=\"element grid  classic3_cols kenburns\"><div class=\"one_third gallery3 static filterable gallery_type gallery_image animated9\"><a data-rel=\"photography_gallery_11352\" data-title=\"\u017didovsk\u00fd h\u0159bitov T\u0159eb\u00ed\u010d\" data-desc=\"\" data-thumb=\"https:\/\/jankratochvil.com\/wp-content\/uploads\/2026\/08\/jewish-cemetery-zidovsky-hrbitov-trebic-unesco-10-300x286.jpg\" href=\"https:\/\/jankratochvil.com\/wp-content\/uploads\/2026\/08\/jewish-cemetery-zidovsky-hrbitov-trebic-unesco-10.jpg\"  class=\"fancy-gallery\"><img decoding=\"async\" src=\"https:\/\/jankratochvil.com\/wp-content\/uploads\/2026\/08\/jewish-cemetery-zidovsky-hrbitov-trebic-unesco-10-705x529.jpg\" alt=\"\" class=\"preview\"\/><\/a><\/div><\/div><div class=\"element grid  classic3_cols kenburns\"><div class=\"one_third gallery3 static filterable gallery_type gallery_image animated10\"><a data-rel=\"photography_gallery_11352\" data-title=\"\u017didovsk\u00fd h\u0159bitov T\u0159eb\u00ed\u010d\" data-desc=\"\" data-thumb=\"https:\/\/jankratochvil.com\/wp-content\/uploads\/2026\/08\/jewish-cemetery-zidovsky-hrbitov-trebic-unesco-16-300x289.jpg\" href=\"https:\/\/jankratochvil.com\/wp-content\/uploads\/2026\/08\/jewish-cemetery-zidovsky-hrbitov-trebic-unesco-16.jpg\"  class=\"fancy-gallery\"><img decoding=\"async\" src=\"https:\/\/jankratochvil.com\/wp-content\/uploads\/2026\/08\/jewish-cemetery-zidovsky-hrbitov-trebic-unesco-16-705x529.jpg\" alt=\"\u017didovsk\u00fd h\u0159bitov T\u0159eb\u00ed\u010d\" class=\"preview\"\/><\/a><\/div><\/div><div class=\"element grid  classic3_cols kenburns\"><div class=\"one_third gallery3 static filterable gallery_type gallery_image animated11\"><a data-rel=\"photography_gallery_11352\" data-title=\"\u017didovsk\u00fd h\u0159bitov T\u0159eb\u00ed\u010d\" data-desc=\"\" data-thumb=\"https:\/\/jankratochvil.com\/wp-content\/uploads\/2026\/08\/jewish-cemetery-zidovsky-hrbitov-trebic-unesco-08-300x298.jpg\" href=\"https:\/\/jankratochvil.com\/wp-content\/uploads\/2026\/08\/jewish-cemetery-zidovsky-hrbitov-trebic-unesco-08.jpg\"  class=\"fancy-gallery\"><img decoding=\"async\" src=\"https:\/\/jankratochvil.com\/wp-content\/uploads\/2026\/08\/jewish-cemetery-zidovsky-hrbitov-trebic-unesco-08-705x529.jpg\" alt=\"\" class=\"preview\"\/><\/a><\/div><\/div><div class=\"element grid  classic3_cols kenburns\"><div class=\"one_third gallery3 static filterable gallery_type gallery_image animated12\"><a data-rel=\"photography_gallery_11352\" data-title=\"\u017didovsk\u00fd h\u0159bitov T\u0159eb\u00ed\u010d\" data-desc=\"\" data-thumb=\"https:\/\/jankratochvil.com\/wp-content\/uploads\/2026\/08\/jewish-cemetery-zidovsky-hrbitov-trebic-unesco-01-225x300.jpg\" href=\"https:\/\/jankratochvil.com\/wp-content\/uploads\/2026\/08\/jewish-cemetery-zidovsky-hrbitov-trebic-unesco-01.jpg\"  class=\"fancy-gallery\"><img decoding=\"async\" src=\"https:\/\/jankratochvil.com\/wp-content\/uploads\/2026\/08\/jewish-cemetery-zidovsky-hrbitov-trebic-unesco-01-705x529.jpg\" alt=\"\" class=\"preview\"\/><\/a><\/div><\/div><div class=\"element grid  classic3_cols kenburns\"><div class=\"one_third gallery3 static filterable gallery_type gallery_image animated13\"><a data-rel=\"photography_gallery_11352\" data-title=\"\u017didovsk\u00fd h\u0159bitov T\u0159eb\u00ed\u010d\" data-desc=\"\" data-thumb=\"https:\/\/jankratochvil.com\/wp-content\/uploads\/2026\/08\/jewish-cemetery-zidovsky-hrbitov-trebic-unesco-02-225x300.jpg\" href=\"https:\/\/jankratochvil.com\/wp-content\/uploads\/2026\/08\/jewish-cemetery-zidovsky-hrbitov-trebic-unesco-02.jpg\"  class=\"fancy-gallery\"><img decoding=\"async\" src=\"https:\/\/jankratochvil.com\/wp-content\/uploads\/2026\/08\/jewish-cemetery-zidovsky-hrbitov-trebic-unesco-02-705x529.jpg\" alt=\"\" class=\"preview\"\/><\/a><\/div><\/div><div class=\"element grid  classic3_cols kenburns\"><div class=\"one_third gallery3 static filterable gallery_type gallery_image animated14\"><a data-rel=\"photography_gallery_11352\" data-title=\"\u017didovsk\u00fd h\u0159bitov T\u0159eb\u00ed\u010d\" data-desc=\"\" data-thumb=\"https:\/\/jankratochvil.com\/wp-content\/uploads\/2026\/08\/jewish-cemetery-zidovsky-hrbitov-trebic-unesco-05-225x300.jpg\" href=\"https:\/\/jankratochvil.com\/wp-content\/uploads\/2026\/08\/jewish-cemetery-zidovsky-hrbitov-trebic-unesco-05.jpg\"  class=\"fancy-gallery\"><img decoding=\"async\" src=\"https:\/\/jankratochvil.com\/wp-content\/uploads\/2026\/08\/jewish-cemetery-zidovsky-hrbitov-trebic-unesco-05-705x529.jpg\" alt=\"\" class=\"preview\"\/><\/a><\/div><\/div><div class=\"element grid  classic3_cols kenburns\"><div class=\"one_third gallery3 static filterable gallery_type gallery_image animated15\"><a data-rel=\"photography_gallery_11352\" data-title=\"\u017didovsk\u00fd h\u0159bitov T\u0159eb\u00ed\u010d\" data-desc=\"\" data-thumb=\"https:\/\/jankratochvil.com\/wp-content\/uploads\/2026\/08\/jewish-cemetery-zidovsky-hrbitov-trebic-unesco-03-225x300.jpg\" href=\"https:\/\/jankratochvil.com\/wp-content\/uploads\/2026\/08\/jewish-cemetery-zidovsky-hrbitov-trebic-unesco-03.jpg\"  class=\"fancy-gallery\"><img decoding=\"async\" src=\"https:\/\/jankratochvil.com\/wp-content\/uploads\/2026\/08\/jewish-cemetery-zidovsky-hrbitov-trebic-unesco-03-705x529.jpg\" alt=\"\" class=\"preview\"\/><\/a><\/div><\/div><div class=\"element grid  classic3_cols kenburns\"><div class=\"one_third gallery3 static filterable gallery_type gallery_image animated16\"><a data-rel=\"photography_gallery_11352\" data-title=\"\u017didovsk\u00fd h\u0159bitov T\u0159eb\u00ed\u010d\" data-desc=\"\" data-thumb=\"https:\/\/jankratochvil.com\/wp-content\/uploads\/2026\/08\/jewish-cemetery-zidovsky-hrbitov-trebic-unesco-07-225x300.jpg\" href=\"https:\/\/jankratochvil.com\/wp-content\/uploads\/2026\/08\/jewish-cemetery-zidovsky-hrbitov-trebic-unesco-07.jpg\"  class=\"fancy-gallery\"><img decoding=\"async\" src=\"https:\/\/jankratochvil.com\/wp-content\/uploads\/2026\/08\/jewish-cemetery-zidovsky-hrbitov-trebic-unesco-07-705x529.jpg\" alt=\"\" class=\"preview\"\/><\/a><\/div><\/div><\/div><\/div><br class=\"clear\"\/><\/p>\n<div class=\"cff-wrapper\">\t<div id=\"cff-visual-header-131146353644245\" class=\"cff-visual-header cff-has-name cff-has-about cff-has-cover\">\n\t\t\t\t\t\t<div class=\"cff-header-hero\">\n\t\t\t<img decoding=\"async\" src=\"https:\/\/jankratochvil.com\/wp-content\/plugins\/custom-facebook-feed\/assets\/img\/placeholder.png\" alt=\"Cover for Jan Kratochvil Photography\" data-cover-url=\"https:\/\/scontent-prg1-1.xx.fbcdn.net\/v\/t39.30808-6\/759642543_1680860840715124_3609663669987760886_n.png?_nc_cat=103&#038;ccb=1-7&#038;_nc_sid=dc4938&#038;_nc_ohc=9pXC8UwLGTwQ7kNvwFqDUPL&#038;_nc_oc=AdoDCpneMZ7XzsDN1q9Zf9AvEA-W7E67MqcStcA2692-D3A58GTrtgW0MDvdrb8WLU8&#038;_nc_zt=23&#038;_nc_ht=scontent-prg1-1.xx&#038;edm=AJdBtusEAAAA&#038;_nc_gid=nFihBt1m3bx3U85Z0EK_pg&#038;_nc_tpa=Q5bMBQL-8zIs7089R--sohT0agVnVz7DbjuCfSSaycUfB-koFieQEOPkmjn5V200NOeubVxuJC_zJwzxQQ&#038;oh=00_AQJWUmhKIBEMliDWyIW110IqQ2OmUwGK5Y1VqAUuLjLPKw&#038;oe=6A99ADDB\">\n\t\t\t\t\t\t<div class=\"cff-likes-box\">\n\t\t\t\t<div class=\"cff-square-logo\"><svg aria-hidden=\"true\" focusable=\"false\" data-prefix=\"fab\" data-icon=\"facebook-square\" role=\"img\" xmlns=\"http:\/\/www.w3.org\/2000\/svg\" viewbox=\"0 0 448 512\" class=\"svg-inline--fa fa-facebook-square fa-w-14\"><path fill=\"currentColor\" d=\"M400 32H48A48 48 0 0 0 0 80v352a48 48 0 0 0 48 48h137.25V327.69h-63V256h63v-54.64c0-62.15 37-96.48 93.67-96.48 27.14 0 55.52 4.84 55.52 4.84v61h-31.27c-30.81 0-40.42 19.12-40.42 38.73V256h68.78l-11 71.69h-57.78V480H400a48 48 0 0 0 48-48V80a48 48 0 0 0-48-48z\" class=\"\"><\/path><\/svg><\/div>\n\t\t\t\t<div class=\"cff-likes-count\">\n\t\t\t\t\t414\t\t\t\t<\/div>\n\t\t\t<\/div>\n\t\t\t\t\t<\/div>\n\t\t\t\t<div class=\"cff-header-inner-wrap\">\n\t\t\t\t\t\t\t<div class=\"cff-header-img\">\n\t\t\t\t\t<a href=\"https:\/\/www.facebook.com\/131146353644245\" target=\"_blank\" rel=\"nofollow noopener\" title=\"Jan Kratochvil Photography\"><img decoding=\"async\" src=\"https:\/\/jankratochvil.com\/wp-content\/plugins\/custom-facebook-feed\/assets\/img\/placeholder.png\" alt=\"Jan Kratochvil Photography\" data-avatar=\"https:\/\/scontent-prg1-1.xx.fbcdn.net\/v\/t39.30808-1\/309918435_503918895075997_8865934295936768495_n.jpg?stp=dst-jpg_s160x160_tt6&#038;_nc_cat=100&#038;ccb=1-7&#038;_nc_sid=08baa4&#038;_nc_ohc=YGMHPo1Zc7YQ7kNvwF1rlMF&#038;_nc_oc=AdrfB4V7uHfzXbI2hGqJLX98fphrC9J-rQNFkAqkO6Q0iHbYcfnkiRGU60lMssf19nk&#038;_nc_zt=24&#038;_nc_ht=scontent-prg1-1.xx&#038;edm=AJdBtusEAAAA&#038;_nc_gid=nFihBt1m3bx3U85Z0EK_pg&#038;_nc_tpa=Q5bMBQJSo7cCQApySXECPJiTcKQFidnxvbZ5lnZR9flhIL7i3raLWbRH2szyDir06ZJ0rc918jiH1yOJoA&#038;oh=00_AQL9JQ0F-BKkU5P9RtIdY0rvxlUxetNgvyJaXWt6WD-9Vg&#038;oe=6A99C5D3\"><\/a>\n\t\t\t\t<\/div>\n\t\t\t\t\t\t<div class=\"cff-header-text\" >\n\n\t\t\t\t\t\t\t<a href=\"https:\/\/www.facebook.com\/131146353644245\" target=\"_blank\" rel=\"nofollow noopener\" title=\"Jan Kratochvil Photography\" class=\"cff-header-name\"><h3 style=\"font-size:inheritpx;\">Jan Kratochvil Photography<\/h3><\/a>\n\t\t\t\t\t\t\t\t\t\t\t\t\t<p class=\"cff-bio\">Jan Kratochvil Photographer \/ analog &amp; digital photographer<\/p>\n\t\t\t\t\t\t<\/div>\n\t\t<\/div>\n\t<\/div>\n<div class=\"cff-wrapper-ctn\" ><div id=\"cff\"  class=\"cff cff-list-container  cff-default-styles  cff-mob-cols-1 cff-tab-cols-1\"   style=\"width:100%;\"   data-char=\"400\"  data-nummobile=\"3\" data-pag-num=\"5\"  data-cff-flags=\"gdpr\" ><div class=\"cff-posts-wrap\"><div id=\"cff_131146353644245_1711048261029715\" class=\"cff-item cff-photo-post author-jan-kratochvil-photography\"  style=\"border-bottom: 1px solid #ddd;\">\n\t<div class=\"cff-author\">\n\t<div class=\"cff-author-text\">\n\t\t\t\t\t<div class=\"cff-page-name cff-author-date\" >\n\t\t\t\t<a href=\"https:\/\/facebook.com\/131146353644245\" target=\"_blank\" rel=\"nofollow noopener\" >Jan Kratochvil Photography<\/a>\n\t\t\t\t<span class=\"cff-story\">  is in the Jewish cemetery in T\u0159eb\u00ed\u010d.<\/span>\n\t\t\t<\/div>\n\t\t\t\n<p class=\"cff-date\" > 6 days ago <\/p>\n\t\t\t<\/div>\n\t<div class=\"cff-author-img  cff-no-consent\" data-avatar=\"https:\/\/scontent-prg1-1.xx.fbcdn.net\/v\/t39.30808-1\/309918435_503918895075997_8865934295936768495_n.jpg?stp=cp0_dst-jpg_s50x50_tt6&#038;_nc_cat=100&#038;ccb=1-7&#038;_nc_sid=f907e8&#038;_nc_ohc=YGMHPo1Zc7YQ7kNvwF1rlMF&#038;_nc_oc=AdrfB4V7uHfzXbI2hGqJLX98fphrC9J-rQNFkAqkO6Q0iHbYcfnkiRGU60lMssf19nk&#038;_nc_zt=24&#038;_nc_ht=scontent-prg1-1.xx&#038;edm=AKIiGfEEAAAA&#038;_nc_gid=Y7Yysm-1VnWUy-tBMELZvg&#038;_nc_tpa=Q5bMBQIxKKP2u4dh-T1UEXXneN87seZH8b8kJgrsJu8o-ocOzPuuRS-sD9LEpkiDZq2P7HzYQ_g6GefOTQ&#038;oh=00_AQKJuFZQI2zqTgfD1eCbk_8iXeH6KlKq3NTPJV2jI4muyA&#038;oe=6A99C5D3\">\n\t\t<a href=\"https:\/\/facebook.com\/131146353644245\" target=\"_blank\" rel=\"nofollow noopener\" ><img decoding=\"async\" src=\"https:\/\/jankratochvil.com\/wp-content\/plugins\/custom-facebook-feed\/\/assets\/img\/placeholder.png\" title=\"Jan Kratochvil Photography\" alt=\"Jan Kratochvil Photography\" width=\"40\" height=\"40\" onerror=\"this.style.display='none'\"><\/a>\n\t<\/div>\n<\/div>\n\n<div class=\"cff-post-text\" >\n\t<span class=\"cff-text\" data-color=\"\">\n\t\tI am adding the 8th photo from the scroll that I took at the Jewish cemetery \ud83d\udd4e in T\u0159eb\u00ed\u010d.<img class=\"cff-linebreak\" \/>\/\/ But it was actually photographed as the 7th, as can be seen from the marking on the film \u263a <a href=\"https:\/\/facebook.com\/148584011971232\">#jewish<\/a> <a href=\"https:\/\/facebook.com\/434640486612852\">#cemetery<\/a> <a href=\"https:\/\/facebook.com\/165864840231477\">#UNESCO<\/a> <a href=\"https:\/\/facebook.com\/113028538895709\">#\u0159eb\u00ed\u010d<\/a> <a href=\"https:\/\/facebook.com\/649797301704355\">#rebic<\/a>\t\t\t<\/span>\n\t<span class=\"cff-expand\">... <a href=\"#\" style=\"color: #\"><span class=\"cff-more\">See More<\/span><span class=\"cff-less\">See Less<\/span><\/a><\/span>\n\n<\/div>\n\n<p class=\"cff-media-link\">\n\t<a href=\"https:\/\/www.facebook.com\/photo.php?fbid=1711048227696385&#038;set=a.503918858409334&#038;type=3\" target=\"_blank\" style=\"color: #\">\n\t\t<span style=\"padding-right: 5px;\" class=\"fa fas fa-picture-o fa-image\"><\/span>Photo\t<\/a>\n<\/p>\n\t\t<div class=\"cff-post-links\">\n\t\t\t\t\t<a class=\"cff-viewpost-facebook\" href=\"https:\/\/www.facebook.com\/photo.php?fbid=1711048227696385&#038;set=a.503918858409334&#038;type=3\" title=\"View on Facebook\" target=\"_blank\" rel=\"nofollow noopener\" >View on Facebook<\/a>\n\t\t\t\t\t\t\t<div class=\"cff-share-container\">\n\t\t\t\t\t\t\t\t\t<span class=\"cff-dot\" >\u00b7<\/span>\n\t\t\t\t\t\t\t\t<a class=\"cff-share-link\" href=\"https:\/\/www.facebook.com\/sharer\/sharer.php?u=https%3A%2F%2Fwww.facebook.com%2Fphoto.php%3Ffbid%3D1711048227696385%26amp%3Bset%3Da.503918858409334%26amp%3Btype%3D3\" title=\"Share\" >Share<\/a>\n\t\t\t\t<p class=\"cff-share-tooltip\">\n\t\t\t\t\t\t\t\t\t\t\t<a href=\"https:\/\/www.facebook.com\/sharer\/sharer.php?u=https%3A%2F%2Fwww.facebook.com%2Fphoto.php%3Ffbid%3D1711048227696385%26amp%3Bset%3Da.503918858409334%26amp%3Btype%3D3\" target=\"_blank\" rel=\"noopener noreferrer\" class=\"cff-facebook-icon\">\n\t\t\t\t\t\t\t<span class=\"fa fab fa-facebook-square\" aria-hidden=\"true\"><\/span>\n\t\t\t\t\t\t\t<span class=\"cff-screenreader\">Share on Facebook<\/span>\n\t\t\t\t\t\t<\/a>\n\t\t\t\t\t\t\t\t\t\t\t<a href=\"https:\/\/twitter.com\/intent\/tweet?text=https%3A%2F%2Fwww.facebook.com%2Fphoto.php%3Ffbid%3D1711048227696385%26amp%3Bset%3Da.503918858409334%26amp%3Btype%3D3\" target=\"_blank\" rel=\"noopener noreferrer\" class=\"cff-twitter-icon\">\n\t\t\t\t\t\t\t<span class=\"fa fab fa-twitter\" aria-hidden=\"true\"><\/span>\n\t\t\t\t\t\t\t<span class=\"cff-screenreader\">Share on Twitter<\/span>\n\t\t\t\t\t\t<\/a>\n\t\t\t\t\t\t\t\t\t\t\t<a href=\"https:\/\/www.linkedin.com\/shareArticle?mini=true&#038;url=https%3A%2F%2Fwww.facebook.com%2Fphoto.php%3Ffbid%3D1711048227696385%26amp%3Bset%3Da.503918858409334%26amp%3Btype%3D3&#038;title=%09%09%09P%C5%99id%C3%A1v%C3%A1m%208.%20fotografii%20ze%20svitku%2C%20kter%C3%BD%20jsem%20fotil%20na%20%C5%BEidovsk%C3%A9m%20h%C5%99bitov%C4%9B%20%F0%9F%95%8E%20v%20T%C5%99eb%C3%AD%C4%8Di.%2F%2F%20Ale%20focen%C3%A1%20byla%20re%C3%A1ln%C4%9B%20jako%207.%2C%20jak%20je%20vidno%20z%20ozna%C4%8Den%C3%AD%20na%20filmu%20%E2%98%BA%20%23jewish%20%23cemetery%20%23UNESCO%20%23T%C5%99eb%C3%AD%C4%8D%20%23trebic%09%09%09%09\" target=\"_blank\" rel=\"noopener noreferrer\" class=\"cff-linkedin-icon\">\n\t\t\t\t\t\t\t<span class=\"fa fab fa-linkedin\" aria-hidden=\"true\"><\/span>\n\t\t\t\t\t\t\t<span class=\"cff-screenreader\">Share on LinkedIn<\/span>\n\t\t\t\t\t\t<\/a>\n\t\t\t\t\t\t\t\t\t\t\t<a href=\"mailto:?subject=Facebook&#038;body=https%3A%2F%2Fwww.facebook.com%2Fphoto.php%3Ffbid%3D1711048227696385%26amp%3Bset%3Da.503918858409334%26amp%3Btype%3D3%20-%20%0A%0A%09%0A%09%09P%C5%99id%C3%A1v%C3%A1m%208.%20fotografii%20ze%20svitku%2C%20kter%C3%BD%20jsem%20fotil%20na%20%C5%BEidovsk%C3%A9m%20h%C5%99bitov%C4%9B%20%F0%9F%95%8E%20v%20T%C5%99eb%C3%AD%C4%8Di.%2F%2F%20Ale%20focen%C3%A1%20byla%20re%C3%A1ln%C4%9B%20jako%207.%2C%20jak%20je%20vidno%20z%20ozna%C4%8Den%C3%AD%20na%20filmu%20%E2%98%BA%20%23jewish%20%23cemetery%20%23UNESCO%20%23T%C5%99eb%C3%AD%C4%8D%20%23trebic%09%09%09%0A%09\" target=\"_blank\" rel=\"noopener noreferrer\" class=\"cff-email-icon\">\n\t\t\t\t\t\t\t<span class=\"fa fab fa-envelope\" aria-hidden=\"true\"><\/span>\n\t\t\t\t\t\t\t<span class=\"cff-screenreader\">Share by Email<\/span>\n\t\t\t\t\t\t<\/a>\n\t\t\t\t\t\t\t\t\t<\/p>\n\t\t\t<\/div>\n\t\t\t<\/div>\n\t<\/div>\n\n\n\n<div id=\"cff_131146353644245_1710713834396491\" class=\"cff-item cff-status-post cff-album author-jan-kratochvil-photography\"  style=\"border-bottom: 1px solid #ddd;\">\n\t<div class=\"cff-author\">\n\t<div class=\"cff-author-text\">\n\t\t\t\t\t<div class=\"cff-page-name cff-author-date\" >\n\t\t\t\t<a href=\"https:\/\/facebook.com\/131146353644245\" target=\"_blank\" rel=\"nofollow noopener\" >Jan Kratochvil Photography<\/a>\n\t\t\t\t<span class=\"cff-story\">  is in the Jewish cemetery in T\u0159eb\u00ed\u010d.<\/span>\n\t\t\t<\/div>\n\t\t\t\n<p class=\"cff-date\" > 6 days ago <\/p>\n\t\t\t<\/div>\n\t<div class=\"cff-author-img  cff-no-consent\" data-avatar=\"https:\/\/scontent-prg1-1.xx.fbcdn.net\/v\/t39.30808-1\/309918435_503918895075997_8865934295936768495_n.jpg?stp=cp0_dst-jpg_s50x50_tt6&#038;_nc_cat=100&#038;ccb=1-7&#038;_nc_sid=f907e8&#038;_nc_ohc=YGMHPo1Zc7YQ7kNvwF1rlMF&#038;_nc_oc=AdrfB4V7uHfzXbI2hGqJLX98fphrC9J-rQNFkAqkO6Q0iHbYcfnkiRGU60lMssf19nk&#038;_nc_zt=24&#038;_nc_ht=scontent-prg1-1.xx&#038;edm=AKIiGfEEAAAA&#038;_nc_gid=Y7Yysm-1VnWUy-tBMELZvg&#038;_nc_tpa=Q5bMBQIxKKP2u4dh-T1UEXXneN87seZH8b8kJgrsJu8o-ocOzPuuRS-sD9LEpkiDZq2P7HzYQ_g6GefOTQ&#038;oh=00_AQKJuFZQI2zqTgfD1eCbk_8iXeH6KlKq3NTPJV2jI4muyA&#038;oe=6A99C5D3\">\n\t\t<a href=\"https:\/\/facebook.com\/131146353644245\" target=\"_blank\" rel=\"nofollow noopener\" ><img decoding=\"async\" src=\"https:\/\/jankratochvil.com\/wp-content\/plugins\/custom-facebook-feed\/\/assets\/img\/placeholder.png\" title=\"Jan Kratochvil Photography\" alt=\"Jan Kratochvil Photography\" width=\"40\" height=\"40\" onerror=\"this.style.display='none'\"><\/a>\n\t<\/div>\n<\/div>\n\n<div class=\"cff-post-text\" >\n\t<span class=\"cff-text\" data-color=\"\">\n\t\tI am adding the 7th photo from the scroll that I took at the Jewish cemetery \ud83d\udd4e in T\u0159eb\u00ed\u010d. <a href=\"https:\/\/facebook.com\/161315080689799\">#hasselblad<\/a> <a href=\"https:\/\/facebook.com\/1183307088361161\">#fomapam<\/a> <a href=\"https:\/\/facebook.com\/165864840231477\">#UNESCO<\/a> <a href=\"https:\/\/facebook.com\/649797301704355\">#rebic<\/a> <a href=\"https:\/\/facebook.com\/131127953747038\">#jewishcemetery<\/a>\t\t\t<\/span>\n\t<span class=\"cff-expand\">... <a href=\"#\" style=\"color: #\"><span class=\"cff-more\">See More<\/span><span class=\"cff-less\">See Less<\/span><\/a><\/span>\n\n<\/div>\n\n<p class=\"cff-media-link\">\n\t<a href=\"https:\/\/www.facebook.com\/902381708563045\/posts\/1710713834396491\" target=\"_blank\" style=\"color: #\">\n\t\t<span style=\"padding-right: 5px;\" class=\"fa fas fa-picture-o fa-image\"><\/span>Photo\t<\/a>\n<\/p>\n\t\t<div class=\"cff-post-links\">\n\t\t\t\t\t<a class=\"cff-viewpost-facebook\" href=\"https:\/\/www.facebook.com\/902381708563045\/posts\/1710713834396491\" title=\"View on Facebook\" target=\"_blank\" rel=\"nofollow noopener\" >View on Facebook<\/a>\n\t\t\t\t\t\t\t<div class=\"cff-share-container\">\n\t\t\t\t\t\t\t\t\t<span class=\"cff-dot\" >\u00b7<\/span>\n\t\t\t\t\t\t\t\t<a class=\"cff-share-link\" href=\"https:\/\/www.facebook.com\/sharer\/sharer.php?u=https%3A%2F%2Fwww.facebook.com%2F902381708563045%2Fposts%2F1710713834396491\" title=\"Share\" >Share<\/a>\n\t\t\t\t<p class=\"cff-share-tooltip\">\n\t\t\t\t\t\t\t\t\t\t\t<a href=\"https:\/\/www.facebook.com\/sharer\/sharer.php?u=https%3A%2F%2Fwww.facebook.com%2F902381708563045%2Fposts%2F1710713834396491\" target=\"_blank\" rel=\"noopener noreferrer\" class=\"cff-facebook-icon\">\n\t\t\t\t\t\t\t<span class=\"fa fab fa-facebook-square\" aria-hidden=\"true\"><\/span>\n\t\t\t\t\t\t\t<span class=\"cff-screenreader\">Share on Facebook<\/span>\n\t\t\t\t\t\t<\/a>\n\t\t\t\t\t\t\t\t\t\t\t<a href=\"https:\/\/twitter.com\/intent\/tweet?text=https%3A%2F%2Fwww.facebook.com%2F902381708563045%2Fposts%2F1710713834396491\" target=\"_blank\" rel=\"noopener noreferrer\" class=\"cff-twitter-icon\">\n\t\t\t\t\t\t\t<span class=\"fa fab fa-twitter\" aria-hidden=\"true\"><\/span>\n\t\t\t\t\t\t\t<span class=\"cff-screenreader\">Share on Twitter<\/span>\n\t\t\t\t\t\t<\/a>\n\t\t\t\t\t\t\t\t\t\t\t<a href=\"https:\/\/www.linkedin.com\/shareArticle?mini=true&#038;url=https%3A%2F%2Fwww.facebook.com%2F902381708563045%2Fposts%2F1710713834396491&#038;title=%09%09%09P%C5%99id%C3%A1v%C3%A1m%207.%20fotografii%20ze%20svitku%2C%20kter%C3%BD%20jsem%20fotil%20na%20%C5%BEidovsk%C3%A9m%20h%C5%99bitov%C4%9B%20%F0%9F%95%8E%20v%20T%C5%99eb%C3%AD%C4%8Di.%20%23hasselblad%20%23fomapam%20%23UNESCO%20%23trebic%20%23jewishcemetery%09%09%09%09\" target=\"_blank\" rel=\"noopener noreferrer\" class=\"cff-linkedin-icon\">\n\t\t\t\t\t\t\t<span class=\"fa fab fa-linkedin\" aria-hidden=\"true\"><\/span>\n\t\t\t\t\t\t\t<span class=\"cff-screenreader\">Share on LinkedIn<\/span>\n\t\t\t\t\t\t<\/a>\n\t\t\t\t\t\t\t\t\t\t\t<a href=\"mailto:?subject=Facebook&#038;body=https%3A%2F%2Fwww.facebook.com%2F902381708563045%2Fposts%2F1710713834396491%20-%20%0A%0A%09%0A%09%09P%C5%99id%C3%A1v%C3%A1m%207.%20fotografii%20ze%20svitku%2C%20kter%C3%BD%20jsem%20fotil%20na%20%C5%BEidovsk%C3%A9m%20h%C5%99bitov%C4%9B%20%F0%9F%95%8E%20v%20T%C5%99eb%C3%AD%C4%8Di.%20%23hasselblad%20%23fomapam%20%23UNESCO%20%23trebic%20%23jewishcemetery%09%09%09%0A%09\" target=\"_blank\" rel=\"noopener noreferrer\" class=\"cff-email-icon\">\n\t\t\t\t\t\t\t<span class=\"fa fab fa-envelope\" aria-hidden=\"true\"><\/span>\n\t\t\t\t\t\t\t<span class=\"cff-screenreader\">Share by Email<\/span>\n\t\t\t\t\t\t<\/a>\n\t\t\t\t\t\t\t\t\t<\/p>\n\t\t\t<\/div>\n\t\t\t<\/div>\n\t<\/div>\n\n\n\n<div id=\"cff_131146353644245_1710091634458711\" class=\"cff-item cff-status-post cff-album author-jan-kratochvil-photography\"  style=\"border-bottom: 1px solid #ddd;\">\n\t<div class=\"cff-author\">\n\t<div class=\"cff-author-text\">\n\t\t\t\t\t<div class=\"cff-page-name cff-author-date\" >\n\t\t\t\t<a href=\"https:\/\/facebook.com\/131146353644245\" target=\"_blank\" rel=\"nofollow noopener\" >Jan Kratochvil Photography<\/a>\n\t\t\t\t<span class=\"cff-story\">  is in the Jewish cemetery in T\u0159eb\u00ed\u010d.<\/span>\n\t\t\t<\/div>\n\t\t\t\n<p class=\"cff-date\" > 7 days ago <\/p>\n\t\t\t<\/div>\n\t<div class=\"cff-author-img  cff-no-consent\" data-avatar=\"https:\/\/scontent-prg1-1.xx.fbcdn.net\/v\/t39.30808-1\/309918435_503918895075997_8865934295936768495_n.jpg?stp=cp0_dst-jpg_s50x50_tt6&#038;_nc_cat=100&#038;ccb=1-7&#038;_nc_sid=f907e8&#038;_nc_ohc=YGMHPo1Zc7YQ7kNvwF1rlMF&#038;_nc_oc=AdrfB4V7uHfzXbI2hGqJLX98fphrC9J-rQNFkAqkO6Q0iHbYcfnkiRGU60lMssf19nk&#038;_nc_zt=24&#038;_nc_ht=scontent-prg1-1.xx&#038;edm=AKIiGfEEAAAA&#038;_nc_gid=Y7Yysm-1VnWUy-tBMELZvg&#038;_nc_tpa=Q5bMBQIxKKP2u4dh-T1UEXXneN87seZH8b8kJgrsJu8o-ocOzPuuRS-sD9LEpkiDZq2P7HzYQ_g6GefOTQ&#038;oh=00_AQKJuFZQI2zqTgfD1eCbk_8iXeH6KlKq3NTPJV2jI4muyA&#038;oe=6A99C5D3\">\n\t\t<a href=\"https:\/\/facebook.com\/131146353644245\" target=\"_blank\" rel=\"nofollow noopener\" ><img decoding=\"async\" src=\"https:\/\/jankratochvil.com\/wp-content\/plugins\/custom-facebook-feed\/\/assets\/img\/placeholder.png\" title=\"Jan Kratochvil Photography\" alt=\"Jan Kratochvil Photography\" width=\"40\" height=\"40\" onerror=\"this.style.display='none'\"><\/a>\n\t<\/div>\n<\/div>\n\n<div class=\"cff-post-text\" >\n\t<span class=\"cff-text\" data-color=\"\">\n\t\tI am adding the 6th photo from the scroll that I took at the Jewish cemetery \ud83d\udd4e in T\u0159eb\u00ed\u010d.\t\t\t<\/span>\n\t<span class=\"cff-expand\">... <a href=\"#\" style=\"color: #\"><span class=\"cff-more\">See More<\/span><span class=\"cff-less\">See Less<\/span><\/a><\/span>\n\n<\/div>\n\n<p class=\"cff-media-link\">\n\t<a href=\"https:\/\/www.facebook.com\/902381708563045\/posts\/1710091634458711\" target=\"_blank\" style=\"color: #\">\n\t\t<span style=\"padding-right: 5px;\" class=\"fa fas fa-picture-o fa-image\"><\/span>Photo\t<\/a>\n<\/p>\n\t\t<div class=\"cff-post-links\">\n\t\t\t\t\t<a class=\"cff-viewpost-facebook\" href=\"https:\/\/www.facebook.com\/902381708563045\/posts\/1710091634458711\" title=\"View on Facebook\" target=\"_blank\" rel=\"nofollow noopener\" >View on Facebook<\/a>\n\t\t\t\t\t\t\t<div class=\"cff-share-container\">\n\t\t\t\t\t\t\t\t\t<span class=\"cff-dot\" >\u00b7<\/span>\n\t\t\t\t\t\t\t\t<a class=\"cff-share-link\" href=\"https:\/\/www.facebook.com\/sharer\/sharer.php?u=https%3A%2F%2Fwww.facebook.com%2F902381708563045%2Fposts%2F1710091634458711\" title=\"Share\" >Share<\/a>\n\t\t\t\t<p class=\"cff-share-tooltip\">\n\t\t\t\t\t\t\t\t\t\t\t<a href=\"https:\/\/www.facebook.com\/sharer\/sharer.php?u=https%3A%2F%2Fwww.facebook.com%2F902381708563045%2Fposts%2F1710091634458711\" target=\"_blank\" rel=\"noopener noreferrer\" class=\"cff-facebook-icon\">\n\t\t\t\t\t\t\t<span class=\"fa fab fa-facebook-square\" aria-hidden=\"true\"><\/span>\n\t\t\t\t\t\t\t<span class=\"cff-screenreader\">Share on Facebook<\/span>\n\t\t\t\t\t\t<\/a>\n\t\t\t\t\t\t\t\t\t\t\t<a href=\"https:\/\/twitter.com\/intent\/tweet?text=https%3A%2F%2Fwww.facebook.com%2F902381708563045%2Fposts%2F1710091634458711\" target=\"_blank\" rel=\"noopener noreferrer\" class=\"cff-twitter-icon\">\n\t\t\t\t\t\t\t<span class=\"fa fab fa-twitter\" aria-hidden=\"true\"><\/span>\n\t\t\t\t\t\t\t<span class=\"cff-screenreader\">Share on Twitter<\/span>\n\t\t\t\t\t\t<\/a>\n\t\t\t\t\t\t\t\t\t\t\t<a href=\"https:\/\/www.linkedin.com\/shareArticle?mini=true&#038;url=https%3A%2F%2Fwww.facebook.com%2F902381708563045%2Fposts%2F1710091634458711&#038;title=%09%09%09P%C5%99id%C3%A1v%C3%A1m%206.%20fotografii%20ze%20svitku%2C%20kter%C3%BD%20jsem%20fotil%20na%20%C5%BEidovsk%C3%A9m%20h%C5%99bitov%C4%9B%20%F0%9F%95%8E%20v%20T%C5%99eb%C3%AD%C4%8Di.%09%09%09%09\" target=\"_blank\" rel=\"noopener noreferrer\" class=\"cff-linkedin-icon\">\n\t\t\t\t\t\t\t<span class=\"fa fab fa-linkedin\" aria-hidden=\"true\"><\/span>\n\t\t\t\t\t\t\t<span class=\"cff-screenreader\">Share on LinkedIn<\/span>\n\t\t\t\t\t\t<\/a>\n\t\t\t\t\t\t\t\t\t\t\t<a href=\"mailto:?subject=Facebook&#038;body=https%3A%2F%2Fwww.facebook.com%2F902381708563045%2Fposts%2F1710091634458711%20-%20%0A%0A%09%0A%09%09P%C5%99id%C3%A1v%C3%A1m%206.%20fotografii%20ze%20svitku%2C%20kter%C3%BD%20jsem%20fotil%20na%20%C5%BEidovsk%C3%A9m%20h%C5%99bitov%C4%9B%20%F0%9F%95%8E%20v%20T%C5%99eb%C3%AD%C4%8Di.%09%09%09%0A%09\" target=\"_blank\" rel=\"noopener noreferrer\" class=\"cff-email-icon\">\n\t\t\t\t\t\t\t<span class=\"fa fab fa-envelope\" aria-hidden=\"true\"><\/span>\n\t\t\t\t\t\t\t<span class=\"cff-screenreader\">Share by Email<\/span>\n\t\t\t\t\t\t<\/a>\n\t\t\t\t\t\t\t\t\t<\/p>\n\t\t\t<\/div>\n\t\t\t<\/div>\n\t<\/div>\n\n\n\n<div id=\"cff_131146353644245_1709042841230257\" class=\"cff-item cff-status-post cff-album author-jan-kratochvil-photography\"  style=\"border-bottom: 1px solid #ddd;\">\n\t<div class=\"cff-author\">\n\t<div class=\"cff-author-text\">\n\t\t\t\t\t<div class=\"cff-page-name cff-author-date\" >\n\t\t\t\t<a href=\"https:\/\/facebook.com\/131146353644245\" target=\"_blank\" rel=\"nofollow noopener\" >Jan Kratochvil Photography<\/a>\n\t\t\t\t<span class=\"cff-story\">  is in the Jewish cemetery in T\u0159eb\u00ed\u010d.<\/span>\n\t\t\t<\/div>\n\t\t\t\n<p class=\"cff-date\" > 1 week ago <\/p>\n\t\t\t<\/div>\n\t<div class=\"cff-author-img  cff-no-consent\" data-avatar=\"https:\/\/scontent-prg1-1.xx.fbcdn.net\/v\/t39.30808-1\/309918435_503918895075997_8865934295936768495_n.jpg?stp=cp0_dst-jpg_s50x50_tt6&#038;_nc_cat=100&#038;ccb=1-7&#038;_nc_sid=f907e8&#038;_nc_ohc=YGMHPo1Zc7YQ7kNvwF1rlMF&#038;_nc_oc=AdrfB4V7uHfzXbI2hGqJLX98fphrC9J-rQNFkAqkO6Q0iHbYcfnkiRGU60lMssf19nk&#038;_nc_zt=24&#038;_nc_ht=scontent-prg1-1.xx&#038;edm=AKIiGfEEAAAA&#038;_nc_gid=Y7Yysm-1VnWUy-tBMELZvg&#038;_nc_tpa=Q5bMBQIxKKP2u4dh-T1UEXXneN87seZH8b8kJgrsJu8o-ocOzPuuRS-sD9LEpkiDZq2P7HzYQ_g6GefOTQ&#038;oh=00_AQKJuFZQI2zqTgfD1eCbk_8iXeH6KlKq3NTPJV2jI4muyA&#038;oe=6A99C5D3\">\n\t\t<a href=\"https:\/\/facebook.com\/131146353644245\" target=\"_blank\" rel=\"nofollow noopener\" ><img decoding=\"async\" src=\"https:\/\/jankratochvil.com\/wp-content\/plugins\/custom-facebook-feed\/\/assets\/img\/placeholder.png\" title=\"Jan Kratochvil Photography\" alt=\"Jan Kratochvil Photography\" width=\"40\" height=\"40\" onerror=\"this.style.display='none'\"><\/a>\n\t<\/div>\n<\/div>\n\n<div class=\"cff-post-text\" >\n\t<span class=\"cff-text\" data-color=\"\">\n\t\tI added the 5th photo from the scroll I took at the Jewish cemetery \ud83d\udd4e in T\u0159eb\u00ed\u010d. More, done for me, will follow.\t\t\t<\/span>\n\t<span class=\"cff-expand\">... <a href=\"#\" style=\"color: #\"><span class=\"cff-more\">See More<\/span><span class=\"cff-less\">See Less<\/span><\/a><\/span>\n\n<\/div>\n\n<p class=\"cff-media-link\">\n\t<a href=\"https:\/\/www.facebook.com\/902381708563045\/posts\/1709042841230257\" target=\"_blank\" style=\"color: #\">\n\t\t<span style=\"padding-right: 5px;\" class=\"fa fas fa-picture-o fa-image\"><\/span>Photo\t<\/a>\n<\/p>\n\t\t<div class=\"cff-post-links\">\n\t\t\t\t\t<a class=\"cff-viewpost-facebook\" href=\"https:\/\/www.facebook.com\/902381708563045\/posts\/1709042841230257\" title=\"View on Facebook\" target=\"_blank\" rel=\"nofollow noopener\" >View on Facebook<\/a>\n\t\t\t\t\t\t\t<div class=\"cff-share-container\">\n\t\t\t\t\t\t\t\t\t<span class=\"cff-dot\" >\u00b7<\/span>\n\t\t\t\t\t\t\t\t<a class=\"cff-share-link\" href=\"https:\/\/www.facebook.com\/sharer\/sharer.php?u=https%3A%2F%2Fwww.facebook.com%2F902381708563045%2Fposts%2F1709042841230257\" title=\"Share\" >Share<\/a>\n\t\t\t\t<p class=\"cff-share-tooltip\">\n\t\t\t\t\t\t\t\t\t\t\t<a href=\"https:\/\/www.facebook.com\/sharer\/sharer.php?u=https%3A%2F%2Fwww.facebook.com%2F902381708563045%2Fposts%2F1709042841230257\" target=\"_blank\" rel=\"noopener noreferrer\" class=\"cff-facebook-icon\">\n\t\t\t\t\t\t\t<span class=\"fa fab fa-facebook-square\" aria-hidden=\"true\"><\/span>\n\t\t\t\t\t\t\t<span class=\"cff-screenreader\">Share on Facebook<\/span>\n\t\t\t\t\t\t<\/a>\n\t\t\t\t\t\t\t\t\t\t\t<a href=\"https:\/\/twitter.com\/intent\/tweet?text=https%3A%2F%2Fwww.facebook.com%2F902381708563045%2Fposts%2F1709042841230257\" target=\"_blank\" rel=\"noopener noreferrer\" class=\"cff-twitter-icon\">\n\t\t\t\t\t\t\t<span class=\"fa fab fa-twitter\" aria-hidden=\"true\"><\/span>\n\t\t\t\t\t\t\t<span class=\"cff-screenreader\">Share on Twitter<\/span>\n\t\t\t\t\t\t<\/a>\n\t\t\t\t\t\t\t\t\t\t\t<a href=\"https:\/\/www.linkedin.com\/shareArticle?mini=true&#038;url=https%3A%2F%2Fwww.facebook.com%2F902381708563045%2Fposts%2F1709042841230257&#038;title=%09%09%09P%C5%99idal%20jsem%205.%20fotografii%20ze%20svitku%2C%20kter%C3%BD%20jsem%20fotil%20na%20%C5%BEidovsk%C3%A9m%20h%C5%99bitov%C4%9B%20%F0%9F%95%8E%20v%20T%C5%99eb%C3%AD%C4%8Di.%20Je%C5%A1t%C4%9B%20dal%C5%A1%C3%AD%2C%20za%20m%C4%9B%20poveden%C3%A9%2C%20budou%20je%C5%A1t%C4%9B%20n%C3%A1sledovat.%09%09%09%09\" target=\"_blank\" rel=\"noopener noreferrer\" class=\"cff-linkedin-icon\">\n\t\t\t\t\t\t\t<span class=\"fa fab fa-linkedin\" aria-hidden=\"true\"><\/span>\n\t\t\t\t\t\t\t<span class=\"cff-screenreader\">Share on LinkedIn<\/span>\n\t\t\t\t\t\t<\/a>\n\t\t\t\t\t\t\t\t\t\t\t<a href=\"mailto:?subject=Facebook&#038;body=https%3A%2F%2Fwww.facebook.com%2F902381708563045%2Fposts%2F1709042841230257%20-%20%0A%0A%09%0A%09%09P%C5%99idal%20jsem%205.%20fotografii%20ze%20svitku%2C%20kter%C3%BD%20jsem%20fotil%20na%20%C5%BEidovsk%C3%A9m%20h%C5%99bitov%C4%9B%20%F0%9F%95%8E%20v%20T%C5%99eb%C3%AD%C4%8Di.%20Je%C5%A1t%C4%9B%20dal%C5%A1%C3%AD%2C%20za%20m%C4%9B%20poveden%C3%A9%2C%20budou%20je%C5%A1t%C4%9B%20n%C3%A1sledovat.%09%09%09%0A%09\" target=\"_blank\" rel=\"noopener noreferrer\" class=\"cff-email-icon\">\n\t\t\t\t\t\t\t<span class=\"fa fab fa-envelope\" aria-hidden=\"true\"><\/span>\n\t\t\t\t\t\t\t<span class=\"cff-screenreader\">Share by Email<\/span>\n\t\t\t\t\t\t<\/a>\n\t\t\t\t\t\t\t\t\t<\/p>\n\t\t\t<\/div>\n\t\t\t<\/div>\n\t<\/div>\n\n\n\n<div id=\"cff_131146353644245_1708914711243070\" class=\"cff-item cff-video-post author-jan-kratochvil-photography\"  style=\"border-bottom: 1px solid #ddd;\">\n\t<div class=\"cff-author\">\n\t<div class=\"cff-author-text\">\n\t\t\t\t\t<div class=\"cff-page-name cff-author-date\" >\n\t\t\t\t<a href=\"https:\/\/facebook.com\/131146353644245\" target=\"_blank\" rel=\"nofollow noopener\" >Jan Kratochvil Photography<\/a>\n\t\t\t\t<span class=\"cff-story\">  is at Jan Kratochvil Photography.<\/span>\n\t\t\t<\/div>\n\t\t\t\n<p class=\"cff-date\" > 1 week ago <\/p>\n\t\t\t<\/div>\n\t<div class=\"cff-author-img  cff-no-consent\" data-avatar=\"https:\/\/scontent-prg1-1.xx.fbcdn.net\/v\/t39.30808-1\/309918435_503918895075997_8865934295936768495_n.jpg?stp=cp0_dst-jpg_s50x50_tt6&#038;_nc_cat=100&#038;ccb=1-7&#038;_nc_sid=f907e8&#038;_nc_ohc=YGMHPo1Zc7YQ7kNvwF1rlMF&#038;_nc_oc=AdrfB4V7uHfzXbI2hGqJLX98fphrC9J-rQNFkAqkO6Q0iHbYcfnkiRGU60lMssf19nk&#038;_nc_zt=24&#038;_nc_ht=scontent-prg1-1.xx&#038;edm=AKIiGfEEAAAA&#038;_nc_gid=Y7Yysm-1VnWUy-tBMELZvg&#038;_nc_tpa=Q5bMBQIxKKP2u4dh-T1UEXXneN87seZH8b8kJgrsJu8o-ocOzPuuRS-sD9LEpkiDZq2P7HzYQ_g6GefOTQ&#038;oh=00_AQKJuFZQI2zqTgfD1eCbk_8iXeH6KlKq3NTPJV2jI4muyA&#038;oe=6A99C5D3\">\n\t\t<a href=\"https:\/\/facebook.com\/131146353644245\" target=\"_blank\" rel=\"nofollow noopener\" ><img decoding=\"async\" src=\"https:\/\/jankratochvil.com\/wp-content\/plugins\/custom-facebook-feed\/\/assets\/img\/placeholder.png\" title=\"Jan Kratochvil Photography\" alt=\"Jan Kratochvil Photography\" width=\"40\" height=\"40\" onerror=\"this.style.display='none'\"><\/a>\n\t<\/div>\n<\/div>\n\n<div class=\"cff-post-text\" >\n\t<span class=\"cff-text\" data-color=\"\">\n\t\tA quick reminder, I found an original collodion-on-glass photograph that I&#039;ve had for years. Taken with a Hasselblad camera. <a href=\"https:\/\/facebook.com\/490935474330978\">#collodion<\/a> <a href=\"https:\/\/facebook.com\/161315080689799\">#hasselblad<\/a> <a href=\"https:\/\/facebook.com\/171798086311338\">#collodion<\/a> <a href=\"https:\/\/facebook.com\/649797301704355\">#rebic<\/a>\t\t\t<\/span>\n\t<span class=\"cff-expand\">... <a href=\"#\" style=\"color: #\"><span class=\"cff-more\">See More<\/span><span class=\"cff-less\">See Less<\/span><\/a><\/span>\n\n<\/div>\n\n<p class=\"cff-media-link\">\n\t<a href=\"https:\/\/www.facebook.com\/131146353644245\/posts\/1708914711243070\" target=\"_blank\" style=\"color: #\">\n\t\t<span style=\"padding-right: 5px;\" class=\"fa fas fa-video-camera fa-video\"><\/span>Video\t<\/a>\n<\/p>\n\t\t<div class=\"cff-post-links\">\n\t\t\t\t\t<a class=\"cff-viewpost-facebook\" href=\"https:\/\/www.facebook.com\/131146353644245\/posts\/1708914711243070\" title=\"View on Facebook\" target=\"_blank\" rel=\"nofollow noopener\" >View on Facebook<\/a>\n\t\t\t\t\t\t\t<div class=\"cff-share-container\">\n\t\t\t\t\t\t\t\t\t<span class=\"cff-dot\" >\u00b7<\/span>\n\t\t\t\t\t\t\t\t<a class=\"cff-share-link\" href=\"https:\/\/www.facebook.com\/sharer\/sharer.php?u=https%3A%2F%2Fwww.facebook.com%2F131146353644245%2Fposts%2F1708914711243070\" title=\"Share\" >Share<\/a>\n\t\t\t\t<p class=\"cff-share-tooltip\">\n\t\t\t\t\t\t\t\t\t\t\t<a href=\"https:\/\/www.facebook.com\/sharer\/sharer.php?u=https%3A%2F%2Fwww.facebook.com%2F131146353644245%2Fposts%2F1708914711243070\" target=\"_blank\" rel=\"noopener noreferrer\" class=\"cff-facebook-icon\">\n\t\t\t\t\t\t\t<span class=\"fa fab fa-facebook-square\" aria-hidden=\"true\"><\/span>\n\t\t\t\t\t\t\t<span class=\"cff-screenreader\">Share on Facebook<\/span>\n\t\t\t\t\t\t<\/a>\n\t\t\t\t\t\t\t\t\t\t\t<a href=\"https:\/\/twitter.com\/intent\/tweet?text=https%3A%2F%2Fwww.facebook.com%2F131146353644245%2Fposts%2F1708914711243070\" target=\"_blank\" rel=\"noopener noreferrer\" class=\"cff-twitter-icon\">\n\t\t\t\t\t\t\t<span class=\"fa fab fa-twitter\" aria-hidden=\"true\"><\/span>\n\t\t\t\t\t\t\t<span class=\"cff-screenreader\">Share on Twitter<\/span>\n\t\t\t\t\t\t<\/a>\n\t\t\t\t\t\t\t\t\t\t\t<a href=\"https:\/\/www.linkedin.com\/shareArticle?mini=true&#038;url=https%3A%2F%2Fwww.facebook.com%2F131146353644245%2Fposts%2F1708914711243070&#038;title=%09%09%09Kr%C3%A1tk%C3%A9%20p%C5%99ipomenut%C3%AD%2C%20%20na%C5%A1el%20jsem%20origin%C3%A1ln%C3%AD%20fotografii%20kolodiem%20na%20sklo%2C%20%20kterou%20u%C5%BE%20hezkou%20m%C3%A1m%20%C5%99%C3%A1dku%20let.%20Foceno%20fotoapar%C3%A1tem%20Hasselblad.%20%23kolodium%20%23hasselblad%20%23collodion%20%23trebic%09%09%09%09\" target=\"_blank\" rel=\"noopener noreferrer\" class=\"cff-linkedin-icon\">\n\t\t\t\t\t\t\t<span class=\"fa fab fa-linkedin\" aria-hidden=\"true\"><\/span>\n\t\t\t\t\t\t\t<span class=\"cff-screenreader\">Share on LinkedIn<\/span>\n\t\t\t\t\t\t<\/a>\n\t\t\t\t\t\t\t\t\t\t\t<a href=\"mailto:?subject=Facebook&#038;body=https%3A%2F%2Fwww.facebook.com%2F131146353644245%2Fposts%2F1708914711243070%20-%20%0A%0A%09%0A%09%09Kr%C3%A1tk%C3%A9%20p%C5%99ipomenut%C3%AD%2C%20%20na%C5%A1el%20jsem%20origin%C3%A1ln%C3%AD%20fotografii%20kolodiem%20na%20sklo%2C%20%20kterou%20u%C5%BE%20hezkou%20m%C3%A1m%20%C5%99%C3%A1dku%20let.%20Foceno%20fotoapar%C3%A1tem%20Hasselblad.%20%23kolodium%20%23hasselblad%20%23collodion%20%23trebic%09%09%09%0A%09\" target=\"_blank\" rel=\"noopener noreferrer\" class=\"cff-email-icon\">\n\t\t\t\t\t\t\t<span class=\"fa fab fa-envelope\" aria-hidden=\"true\"><\/span>\n\t\t\t\t\t\t\t<span class=\"cff-screenreader\">Share by Email<\/span>\n\t\t\t\t\t\t<\/a>\n\t\t\t\t\t\t\t\t\t<\/p>\n\t\t\t<\/div>\n\t\t\t<\/div>\n\t<\/div>\n\n\n\n\n<div class=\"cff-likebox cff-bottom\" >\n\t\t<iframe title=\"Likebox Iframe\" src=\"\" class=\"fb_iframe_widget\" data-likebox-id=\"131146353644245\" data-likebox-width=\"300\" data-likebox-header=\"\" data-hide-cover=\"\" data-hide-cta=\"\" data-likebox-faces=\"\" data-height=\"130\" data-locale=\"cs_CZ\" scrolling=\"no\" allowtransparency=\"true\" allow=\"encrypted-media\" ><\/iframe>\n<\/div>\n<\/div><input class=\"cff-pag-url\" type=\"hidden\" data-locatornonce=\"150ce10318\" data-cff-shortcode=\"{&quot;feed&quot;: &quot;1&quot;}\" data-post-id=\"11380\" data-feed-id=\"131146353644245\"><\/div><\/div><div class=\"cff-clear\"><\/div><\/div>","protected":false},"excerpt":{"rendered":"<p>T\u0159eb\u00ed\u010d Jewish Cemetery through the lens of an analog Hasselblad camera. Photo gallery of 9 images capturing the unique atmosphere, play of light and history of one of the most important places in T\u0159eb\u00ed\u010d, which is a UNESCO World Heritage Site.<\/p>","protected":false},"author":2,"featured_media":11356,"comment_status":"closed","ping_status":"closed","sticky":true,"template":"","format":"standard","meta":{"_eb_attr":"","footnotes":""},"categories":[325,160,177],"tags":[333,161,149],"class_list":["post-11380","post","type-post","status-publish","format-standard","has-post-thumbnail","hentry","category-analog","category-hasselblad","category-trebic","tag-cemetery","tag-hasselblad","tag-trebic"],"_links":{"self":[{"href":"https:\/\/jankratochvil.com\/en\/wp-json\/wp\/v2\/posts\/11380","targetHints":{"allow":["GET"]}}],"collection":[{"href":"https:\/\/jankratochvil.com\/en\/wp-json\/wp\/v2\/posts"}],"about":[{"href":"https:\/\/jankratochvil.com\/en\/wp-json\/wp\/v2\/types\/post"}],"author":[{"embeddable":true,"href":"https:\/\/jankratochvil.com\/en\/wp-json\/wp\/v2\/users\/2"}],"replies":[{"embeddable":true,"href":"https:\/\/jankratochvil.com\/en\/wp-json\/wp\/v2\/comments?post=11380"}],"version-history":[{"count":9,"href":"https:\/\/jankratochvil.com\/en\/wp-json\/wp\/v2\/posts\/11380\/revisions"}],"predecessor-version":[{"id":11397,"href":"https:\/\/jankratochvil.com\/en\/wp-json\/wp\/v2\/posts\/11380\/revisions\/11397"}],"wp:featuredmedia":[{"embeddable":true,"href":"https:\/\/jankratochvil.com\/en\/wp-json\/wp\/v2\/media\/11356"}],"wp:attachment":[{"href":"https:\/\/jankratochvil.com\/en\/wp-json\/wp\/v2\/media?parent=11380"}],"wp:term":[{"taxonomy":"category","embeddable":true,"href":"https:\/\/jankratochvil.com\/en\/wp-json\/wp\/v2\/categories?post=11380"},{"taxonomy":"post_tag","embeddable":true,"href":"https:\/\/jankratochvil.com\/en\/wp-json\/wp\/v2\/tags?post=11380"}],"curies":[{"name":"wp","href":"https:\/\/api.w.org\/{rel}","templated":true}]}}