{"id":10306,"date":"2023-07-23T09:27:31","date_gmt":"2023-07-23T09:27:31","guid":{"rendered":"https:\/\/jankratochvil.com\/?p=10306"},"modified":"2023-07-29T12:26:18","modified_gmt":"2023-07-29T12:26:18","slug":"borovinsky-kulturak-trebic-borovina","status":"publish","type":"post","link":"https:\/\/jankratochvil.com\/en\/borovinsky-kulturak-trebic-borovina\/","title":{"rendered":"Borovina \"Culture House\", T\u0159eb\u00ed\u010d-Borovina"},"content":{"rendered":"<h2 class=\"wp-block-heading has-medium-font-size\">Nemohl jsem si nechat uj\u00edt se zde po \u010dase zastavit a vyfotit si ho. Foceno trochu netradi\u010dn\u011b panoramatickou kamerou Horizon z roku 1970 na Foma 100 kinofilm. <br>Vyvol\u00e1no ve v\u00fdvojce Kodak D \u2013 76. <\/h2>\n\n\n\n<h4 class=\"wp-block-heading\">Asi se sem je\u0161t\u011b vr\u00e1t\u00edm &#x263a;<\/h4>\n\n\n\n<p class=\"has-medium-font-size\">Kulturn\u00ed d\u016fm v Borovin\u011b na D\u011blnick\u00e9m n\u00e1m\u011bst\u00ed, jedn\u00e1 se o zaj\u00edmavou budovou, kam jsem chodil na r\u016fzn\u00e9 z\u00e1bavy tzv. \u010daje, plesy a do tane\u010dn\u00edch &#x1f483;&#x1f57a;&#x1f3fc;. Autorem stavby je Ji\u0159\u00ed Herz\u00e1n. Objekt byl vystav\u011bn na p\u0159elomu 50. a 60. let 20. stolet\u00ed. V\u00e1\u017eou m\u011b k tomuto domu kr\u00e1sn\u00e9 vzpom\u00ednky z ml\u00e1d\u00ed.<\/p>\n\n\n\n<p>Foceno s &#x2764;\ufe0e 20.7.2023<\/p>\n\n\n\n<div class=\"wp-block-columns alignfull is-layout-flex wp-container-core-columns-is-layout-9d6595d7 wp-block-columns-is-layout-flex\">\n<div class=\"wp-block-column is-layout-flow wp-block-column-is-layout-flow\" style=\"flex-basis:50%\">\n<div class=\"wp-block-cover is-light\" style=\"min-height:600px;aspect-ratio:unset;\"><span aria-hidden=\"true\" class=\"wp-block-cover__background has-background-dim-100 has-background-dim\" style=\"background-color:#f6f6f6\"><\/span><div class=\"wp-block-cover__inner-container is-layout-flow wp-block-cover-is-layout-flow\"><div class=\"wp-block-image\">\n<figure class=\"aligncenter size-large\"><a href=\"https:\/\/jankratochvil.com\/wp-content\/uploads\/2023\/07\/Horizont-foma100-kulturak-20230720-7-www.jpg\"><img fetchpriority=\"high\" decoding=\"async\" width=\"594\" height=\"1024\" src=\"https:\/\/jankratochvil.com\/wp-content\/uploads\/2023\/07\/Horizont-foma100-kulturak-20230720-7-www-594x1024.jpg\" alt=\"\" class=\"wp-image-10309\"\/><\/a><\/figure>\n<\/div><\/div><\/div>\n<\/div>\n\n\n\n<div class=\"wp-block-column is-vertically-aligned-center is-layout-flow wp-block-column-is-layout-flow\" style=\"padding-top:1em;padding-right:1em;padding-bottom:1em;padding-left:1em\">\n<div class=\"wp-block-columns is-layout-flex wp-container-core-columns-is-layout-9d6595d7 wp-block-columns-is-layout-flex\">\n<div class=\"wp-block-column is-layout-flow wp-block-column-is-layout-flow\" style=\"flex-basis:320px\">\n<p class=\"has-medium-font-size\" style=\"line-height:1.6\"><strong>Borovinsk\u00fd Kultur\u00e1k<\/strong><\/p>\n\n\n\n<p class=\"has-medium-font-size\" style=\"line-height:1.6\">Bylo bylo kr\u00e1sn\u00e9 \u010dervencov\u00e9 odpoledne, slunce sv\u00edtilo do zad, tak jsem si vyfotil \u010delem k hlavn\u00edmu vchodu m\u00edsto, kde se slunce odr\u00e1\u017e\u00ed p\u0159\u00edmo do &#8222;panoramatick\u00e9ho&#8220; objektivu.<br>Foceno s &#x2764;\ufe0e 20.7.2023 se &#x2600;&#xfe0f; v z\u00e1dech<\/p>\n<\/div>\n<\/div>\n<\/div>\n<\/div>\n\n\n\n<div class=\"wp-block-media-text alignwide is-stacked-on-mobile\" style=\"grid-template-columns:78% auto\"><figure class=\"wp-block-media-text__media\"><a href=\"https:\/\/jankratochvil.com\/wp-content\/uploads\/2023\/07\/Horizont-foma100-kulturak-20230720-003-www.jpg\"><img decoding=\"async\" width=\"1024\" height=\"599\" src=\"https:\/\/jankratochvil.com\/wp-content\/uploads\/2023\/07\/Horizont-foma100-kulturak-20230720-003-www-1024x599.jpg\" alt=\"\" class=\"wp-image-10313 size-full\"\/><\/a><\/figure><div class=\"wp-block-media-text__content\">\n<p class=\"has-medium-font-size\">Pohled z lev\u00e9 \u010d\u00e1sti od parku, v pop\u0159ed\u00ed je vid\u011bt kontejner, kter\u00fd je p\u0159ichystan\u00fd na rekonstrukci.<\/p>\n<\/div><\/div>\n\n\n\n<div class=\"wp-block-media-text alignwide is-stacked-on-mobile\" style=\"grid-template-columns:78% auto\"><figure class=\"wp-block-media-text__media\"><a href=\"https:\/\/jankratochvil.com\/wp-content\/uploads\/2023\/07\/Horizont-foma100-kulturak-20230720-004-www.jpg\"><img decoding=\"async\" width=\"1024\" height=\"583\" src=\"https:\/\/jankratochvil.com\/wp-content\/uploads\/2023\/07\/Horizont-foma100-kulturak-20230720-004-www-1024x583.jpg\" alt=\"\" class=\"wp-image-10316 size-full\"\/><\/a><\/figure><div class=\"wp-block-media-text__content\">\n<p class=\"has-medium-font-size\">Pohled z prav\u00e9 \u010d\u00e1sti od parku, op\u011bt p\u0159ed schody ke vstupu k budov\u011b.<\/p>\n<\/div><\/div>\n\n\n\n<div class=\"wp-block-media-text alignwide is-stacked-on-mobile\" style=\"grid-template-columns:47% auto\"><figure class=\"wp-block-media-text__media\"><a href=\"https:\/\/jankratochvil.com\/wp-content\/uploads\/2023\/07\/Horizont-foma100-kulturak-20230720-5-www.jpg\"><img loading=\"lazy\" decoding=\"async\" width=\"579\" height=\"1024\" src=\"https:\/\/jankratochvil.com\/wp-content\/uploads\/2023\/07\/Horizont-foma100-kulturak-20230720-5-www-579x1024.jpg\" alt=\"\" class=\"wp-image-10342 size-full\"\/><\/a><\/figure><div class=\"wp-block-media-text__content\">\n<p class=\"has-medium-font-size\">Pohled na chodn\u00edk sm\u011brem k restauraci kulturn\u00edho domu v Borovin\u011b.<br>Sou\u010d\u00e1st\u00ed tohoto kulturn\u00edho domu byla i restaurace. Tato restaurace byla ve sv\u00e9 dob\u011b, kdy jsme tam chodili (80. a 90. l\u00e9ta 20. st.) velmi obl\u00edben\u00e1 pro sv\u016fj sma\u017een\u00fd s\u00fdr, kam si ho chodili &#8222;d\u00e1vat&#8220; lid\u00e9 z cel\u00e9 T\u0159eb\u00ed\u010de. Samoz\u0159ejm\u011b to byla i pivnice, kde se pivo rozn\u00e1\u0161elo po &#8222;platech&#8220;a vypilo se tu toho opravdu hodn\u011b. Zaj\u00edmavost\u00ed pro ty, kte\u0159\u00ed jsem nechodili je, \u017ee restaurace byla propojena i s kulturn\u00edm domem, co\u017e umo\u017e\u0148ovalo b\u011bhem ples\u016f a r\u016fzn\u00fdch kulturn\u00edch akc\u00ed vstup do restaurace, kter\u00e1 byla t\u00e9m\u011b\u0159 v\u017edy pln\u00e1 a\u017e k prasknut\u00ed.<\/p>\n<\/div><\/div>\n\n\n\n<div class=\"wp-block-media-text alignwide is-stacked-on-mobile\" style=\"grid-template-columns:47% auto\"><figure class=\"wp-block-media-text__media\"><a href=\"https:\/\/jankratochvil.com\/wp-content\/uploads\/2023\/07\/Horizont-foma100-kulturak-20230720-1-www.jpg\"><img loading=\"lazy\" decoding=\"async\" width=\"603\" height=\"1024\" src=\"https:\/\/jankratochvil.com\/wp-content\/uploads\/2023\/07\/Horizont-foma100-kulturak-20230720-1-www-603x1024.jpg\" alt=\"\" class=\"wp-image-10323 size-full\"\/><\/a><\/figure><div class=\"wp-block-media-text__content\">\n<p class=\"has-medium-font-size\">Fotografie okna bo\u010dn\u00ed \u010d\u00e1sti budovy, kde je mo\u017eno vid\u011bt uprost\u0159ed sn\u00edmku schodi\u0161t\u011b kter\u00e9 vede do prvn\u00edho patra objektu. Z\u00e1rove\u0148 je ve skle vid\u011bt i odraz bo\u010dn\u00ed \u010d\u00e1sti Kultur\u00e1ku.<\/p>\n<\/div><\/div>\n\n\n\n<div class=\"wp-block-media-text alignwide is-stacked-on-mobile is-vertically-aligned-top\" style=\"grid-template-columns:47% auto\"><figure class=\"wp-block-media-text__media\"><a href=\"https:\/\/jankratochvil.com\/wp-content\/uploads\/2023\/07\/Horizont-foma100-kulturak-20230720-3-www.jpg\"><img loading=\"lazy\" decoding=\"async\" width=\"620\" height=\"1024\" src=\"https:\/\/jankratochvil.com\/wp-content\/uploads\/2023\/07\/Horizont-foma100-kulturak-20230720-3-www-620x1024.jpg\" alt=\"\" class=\"wp-image-10318 size-full\"\/><\/a><\/figure><div class=\"wp-block-media-text__content\">\n<p class=\"has-medium-font-size\">Pohled na zadn\u00ed \u010d\u00e1st objektu, kter\u00fd se ty\u010d\u00ed k obloze. T\u00e9to \u010d\u00e1sti budovy jsem si nikdy po\u0159\u00e1dn\u011b nev\u0161iml do t\u00e9 doby, ne\u017e jsem si po tolika letech \u0161el vyfotit. \u010clov\u011bk si pak uv\u011bdom\u00ed, \u017ee spoustu zaj\u00edmav\u00fdch v\u011bc\u00ed v \u017eivot\u011b p\u0159ehl\u00e9dne, proto\u017ee se d\u00edv\u00e1 v uvozovk\u00e1ch &#8222;jen p\u0159ed sebe&#8220;.<\/p>\n<\/div><\/div>\n\n\n\n<figure class=\"wp-block-gallery has-nested-images columns-default is-cropped has-very-light-gray-background-color has-background wp-block-gallery-1 is-layout-flex wp-block-gallery-is-layout-flex\">\n<figure class=\"wp-block-image size-medium\"><a href=\"https:\/\/jankratochvil.com\/wp-content\/uploads\/2023\/07\/Horizont-foma100-kulturak-20230720-1.jpeg\"><img loading=\"lazy\" decoding=\"async\" width=\"225\" height=\"300\" data-id=\"10351\" src=\"https:\/\/jankratochvil.com\/wp-content\/uploads\/2023\/07\/Horizont-foma100-kulturak-20230720-1-225x300.jpeg\" alt=\"\" class=\"wp-image-10351\"\/><\/a><\/figure>\n\n\n\n<figure class=\"wp-block-image size-medium\"><a href=\"https:\/\/jankratochvil.com\/wp-content\/uploads\/2023\/07\/Horizont-foma100-kulturak-20230720-2.jpeg\"><img loading=\"lazy\" decoding=\"async\" width=\"225\" height=\"300\" data-id=\"10352\" src=\"https:\/\/jankratochvil.com\/wp-content\/uploads\/2023\/07\/Horizont-foma100-kulturak-20230720-2-225x300.jpeg\" alt=\"\" class=\"wp-image-10352\"\/><\/a><\/figure>\n\n\n\n<figure class=\"wp-block-image size-medium\"><a href=\"https:\/\/jankratochvil.com\/wp-content\/uploads\/2023\/07\/Horizont-foma100-kulturak-20230720-3.jpeg\"><img loading=\"lazy\" decoding=\"async\" width=\"225\" height=\"300\" data-id=\"10353\" src=\"https:\/\/jankratochvil.com\/wp-content\/uploads\/2023\/07\/Horizont-foma100-kulturak-20230720-3-225x300.jpeg\" alt=\"\" class=\"wp-image-10353\"\/><\/a><\/figure>\n\n\n\n<figure class=\"wp-block-image size-medium\"><a href=\"https:\/\/jankratochvil.com\/wp-content\/uploads\/2023\/07\/Horizont-foma100-kulturak-20230720-4.jpeg\"><img loading=\"lazy\" decoding=\"async\" width=\"300\" height=\"225\" data-id=\"10356\" src=\"https:\/\/jankratochvil.com\/wp-content\/uploads\/2023\/07\/Horizont-foma100-kulturak-20230720-4-300x225.jpeg\" alt=\"\" class=\"wp-image-10356\"\/><\/a><\/figure>\n\n\n\n<figure class=\"wp-block-image size-medium\"><a href=\"https:\/\/jankratochvil.com\/wp-content\/uploads\/2023\/07\/Horizont-foma100-kulturak-20230720-5.jpeg\"><img loading=\"lazy\" decoding=\"async\" width=\"225\" height=\"300\" data-id=\"10354\" src=\"https:\/\/jankratochvil.com\/wp-content\/uploads\/2023\/07\/Horizont-foma100-kulturak-20230720-5-225x300.jpeg\" alt=\"\" class=\"wp-image-10354\"\/><\/a><\/figure>\n\n\n\n<figure class=\"wp-block-image size-medium\"><a href=\"https:\/\/jankratochvil.com\/wp-content\/uploads\/2023\/07\/Horizont-foma100-kulturak-20230720-6.jpeg\"><img loading=\"lazy\" decoding=\"async\" width=\"300\" height=\"225\" data-id=\"10355\" src=\"https:\/\/jankratochvil.com\/wp-content\/uploads\/2023\/07\/Horizont-foma100-kulturak-20230720-6-300x225.jpeg\" alt=\"\" class=\"wp-image-10355\"\/><\/a><\/figure>\n<\/figure>\n\n\n\n<p>N\u011bkolik dokumenta\u010dn\u00edch fotografi\u00ed mobilem.<\/p>\n\n\n\n<div style=\"height:66px\" aria-hidden=\"true\" class=\"wp-block-spacer\"><\/div>\n\n\n\n<figure class=\"wp-block-embed is-type-video is-provider-youtube wp-block-embed-youtube wp-embed-aspect-16-9 wp-has-aspect-ratio\"><div class=\"wp-block-embed__wrapper\">\n<div class=\"lyte-wrapper fourthree\" style=\"width:420px;max-width:100%;margin:5px;\"><div class=\"lyMe\" id=\"WYL_Yvzcj2EsnGA\"><div id=\"lyte_Yvzcj2EsnGA\" data-src=\"\/\/i.ytimg.com\/vi\/Yvzcj2EsnGA\/hqdefault.jpg\" class=\"pL\"><div class=\"tC\"><div class=\"tT\"><\/div><\/div><div class=\"play\"><\/div><div class=\"ctrl\"><div class=\"Lctrl\"><\/div><div class=\"Rctrl\"><\/div><\/div><\/div><noscript><a href=\"https:\/\/youtu.be\/Yvzcj2EsnGA\" rel=\"nofollow\"><img loading=\"lazy\" decoding=\"async\" src=\"https:\/\/i.ytimg.com\/vi\/Yvzcj2EsnGA\/0.jpg\" alt=\"YouTube video thumbnail\" width=\"420\" height=\"295\" \/><br \/>Watch this video on YouTube<\/a><\/noscript><\/div><\/div><div class=\"lL\" style=\"max-width:100%;width:420px;margin:5px;\"><\/div>\n<\/div><figcaption class=\"wp-element-caption\">Fotoapar\u00e1t Horizont rusk\u00e9 v\u00fdroby z roku 1970<\/figcaption><\/figure>\n\n\n\n<p><\/p>","protected":false},"excerpt":{"rendered":"<p>Photographing the Cultural Center in T\u0159eb\u00ed\u010d, known as \"Kultur\u00e1k\" in T\u0159eb\u00ed\u010d - Borovina, with a Panoramic Camera.<\/p>","protected":false},"author":2,"featured_media":10316,"comment_status":"closed","ping_status":"closed","sticky":false,"template":"","format":"standard","meta":{"_eb_attr":"","footnotes":""},"categories":[177],"tags":[],"class_list":["post-10306","post","type-post","status-publish","format-standard","has-post-thumbnail","hentry","category-trebic"],"_links":{"self":[{"href":"https:\/\/jankratochvil.com\/en\/wp-json\/wp\/v2\/posts\/10306","targetHints":{"allow":["GET"]}}],"collection":[{"href":"https:\/\/jankratochvil.com\/en\/wp-json\/wp\/v2\/posts"}],"about":[{"href":"https:\/\/jankratochvil.com\/en\/wp-json\/wp\/v2\/types\/post"}],"author":[{"embeddable":true,"href":"https:\/\/jankratochvil.com\/en\/wp-json\/wp\/v2\/users\/2"}],"replies":[{"embeddable":true,"href":"https:\/\/jankratochvil.com\/en\/wp-json\/wp\/v2\/comments?post=10306"}],"version-history":[{"count":0,"href":"https:\/\/jankratochvil.com\/en\/wp-json\/wp\/v2\/posts\/10306\/revisions"}],"wp:featuredmedia":[{"embeddable":true,"href":"https:\/\/jankratochvil.com\/en\/wp-json\/wp\/v2\/media\/10316"}],"wp:attachment":[{"href":"https:\/\/jankratochvil.com\/en\/wp-json\/wp\/v2\/media?parent=10306"}],"wp:term":[{"taxonomy":"category","embeddable":true,"href":"https:\/\/jankratochvil.com\/en\/wp-json\/wp\/v2\/categories?post=10306"},{"taxonomy":"post_tag","embeddable":true,"href":"https:\/\/jankratochvil.com\/en\/wp-json\/wp\/v2\/tags?post=10306"}],"curies":[{"name":"wp","href":"https:\/\/api.w.org\/{rel}","templated":true}]}}