{"id":6055,"date":"2020-01-31T12:55:39","date_gmt":"2020-01-31T12:55:39","guid":{"rendered":"https:\/\/jankratochvil.com\/?p=6055"},"modified":"2022-09-02T09:05:36","modified_gmt":"2022-09-02T09:05:36","slug":"jindra-holubec-portret-studio-zlin-trebic","status":"publish","type":"post","link":"https:\/\/jankratochvil.com\/cs_cz\/jindra-holubec-portret-studio-zlin-trebic\/","title":{"rendered":"Jindra Holubec portr\u00e9t ve Studiu V, Zl\u00edn"},"content":{"rendered":"\n<figure class=\"wp-block-image\"><a href=\"https:\/\/jankratochvil.com\/wp-content\/uploads\/2019\/09\/jindra-holubec-studio-v-zlin-jan-kratochvil.jpg\"><img fetchpriority=\"high\" decoding=\"async\" width=\"686\" height=\"1024\" src=\"https:\/\/jankratochvil.com\/wp-content\/uploads\/2019\/09\/jindra-holubec-studio-v-zlin-jan-kratochvil-686x1024.jpg\" alt=\"Jindra Holubec, Jan Kratochv\u00edl, fotograf T\u0159eb\u00ed\u010d\" class=\"wp-image-2099\"\/><\/a><\/figure>\n\n\n\n<p><a href=\"https:\/\/www.facebook.com\/jindra.holubec\">Jindra Holubec<\/a> b\u011bhem nahr\u00e1v\u00e1n\u00ed stylov\u011b zam\u011b\u0159en\u00e9ho CD s n\u00e1zvem \u010cA*\u010cA*\u010cA ve<a href=\"http:\/\/www.studiov.cz\/studio\/\"> Studiu V, Zl\u00edn<\/a>, na kter\u00e9m se pod\u00edlel i <a href=\"https:\/\/www.peterlipa.com\/\">Peter Lipa.<\/a><br>\nPana Petera Lipu jsem fotografoval ve <a href=\"https:\/\/www.zlin.eu\">Zl\u00edn\u011b<\/a> t\u00e9\u017e. <a href=\"https:\/\/jankratochvil.com\/peter-lipa-portret-zpevaka\/\">Jeho fotografie z nahr\u00e1v\u00e1n\u00ed je k prohl\u00e9dnut\u00ed zde.<\/a><br>\nNemus\u00edte b\u00fdt zp\u011bv\u00e1k nebo zp\u011bva\u010dka, r\u00e1d V\u00e1m vyfotografuji portr\u00e9t dle va\u0161ich p\u0159edstav.<\/p>\n\n\n\n<p>Fotografovat portr\u00e9t nen\u00ed mnohdy jednoduch\u00e9, ale j\u00e1 \u0159\u00edk\u00e1m:&#8220;Fotografov\u00e1n\u00ed nebol\u00ed, ale chce to jen trp\u011blivost a ochotu spolupracovat.&#8220;<\/p>\n\n\n\n<p>Kr\u00e1sn\u00fd portr\u00e9t V\u00e1m ji\u017e nikdo nevezme a uchov\u00e1te si tak vzpom\u00ednku, kter\u00e1 pot\u011b\u0161\u00ed jak V\u00e1s, tak i Va\u0161e bl\u00edzk\u00e9 a ostatn\u00edm, kte\u0159\u00ed V\u00e1\u0161 portr\u00e9t uvid\u00ed.<\/p>\n\n\n\n<p>K portr\u00e9tu pat\u0159\u00ed i tisk. Co je to za fotografii, kterou nelze fyzicky vn\u00edmat? Jako fotograf zast\u00e1v\u00e1m n\u00e1zor, \u017ee kr\u00e1sn\u00fd portr\u00e9t mus\u00ed b\u00fdt fyzicky zhmotn\u011bn, tedy v\u011bt\u0161inou vytisknut.<\/p>\n\n\n<a class=\"button small \" style=\"background-color:#97a2a2 !important;color:#ffffff !important;border:1px solid #97a2a2 !important;\" onclick=\"window.open('https:\/\/jankratochvil.com\/kontakt-jan-kratochvil-fotograf-trebic\/', '_self')\">Zde mne m\u016f\u017eete kontaktovat ohledn\u011b focen\u00ed &#8211; t\u011b\u0161\u00edm se na V\u00e1s &#x263a; <\/a>\n","protected":false},"excerpt":{"rendered":"<p>Jindra Holubec b\u011bhem nahr\u00e1v\u00e1n\u00ed stylov\u011b zam\u011b\u0159en\u00e9ho CD s n\u00e1zvem \u010cA*\u010cA*\u010cA ve Studiu V, Zl\u00edn, na kter\u00e9m se pod\u00edlel i Peter Lipa. Pana Petera Lipu jsem fotografoval ve Zl\u00edn\u011b t\u00e9\u017e. Jeho fotografie z nahr\u00e1v\u00e1n\u00ed je k prohl\u00e9dnut\u00ed zde. Nemus\u00edte b\u00fdt zp\u011bv\u00e1k [&hellip;]<\/p>\n","protected":false},"author":1,"featured_media":2099,"comment_status":"closed","ping_status":"closed","sticky":false,"template":"","format":"standard","meta":{"_eb_attr":"","footnotes":""},"categories":[147,244],"tags":[247,246,248],"class_list":["post-6055","post","type-post","status-publish","format-standard","has-post-thumbnail","hentry","category-portraits","category-singers","tag-jindra-holubec","tag-singer","tag-zpevak"],"_links":{"self":[{"href":"https:\/\/jankratochvil.com\/cs_cz\/wp-json\/wp\/v2\/posts\/6055","targetHints":{"allow":["GET"]}}],"collection":[{"href":"https:\/\/jankratochvil.com\/cs_cz\/wp-json\/wp\/v2\/posts"}],"about":[{"href":"https:\/\/jankratochvil.com\/cs_cz\/wp-json\/wp\/v2\/types\/post"}],"author":[{"embeddable":true,"href":"https:\/\/jankratochvil.com\/cs_cz\/wp-json\/wp\/v2\/users\/1"}],"replies":[{"embeddable":true,"href":"https:\/\/jankratochvil.com\/cs_cz\/wp-json\/wp\/v2\/comments?post=6055"}],"version-history":[{"count":0,"href":"https:\/\/jankratochvil.com\/cs_cz\/wp-json\/wp\/v2\/posts\/6055\/revisions"}],"wp:featuredmedia":[{"embeddable":true,"href":"https:\/\/jankratochvil.com\/cs_cz\/wp-json\/wp\/v2\/media\/2099"}],"wp:attachment":[{"href":"https:\/\/jankratochvil.com\/cs_cz\/wp-json\/wp\/v2\/media?parent=6055"}],"wp:term":[{"taxonomy":"category","embeddable":true,"href":"https:\/\/jankratochvil.com\/cs_cz\/wp-json\/wp\/v2\/categories?post=6055"},{"taxonomy":"post_tag","embeddable":true,"href":"https:\/\/jankratochvil.com\/cs_cz\/wp-json\/wp\/v2\/tags?post=6055"}],"curies":[{"name":"wp","href":"https:\/\/api.w.org\/{rel}","templated":true}]}}