{"id":6041,"date":"2020-01-30T08:49:50","date_gmt":"2020-01-30T08:49:50","guid":{"rendered":"https:\/\/jankratochvil.com\/?p=6041"},"modified":"2020-01-30T12:24:05","modified_gmt":"2020-01-30T12:24:05","slug":"peter-lipa-portret-zpevaka","status":"publish","type":"post","link":"https:\/\/jankratochvil.com\/cs_cz\/peter-lipa-portret-zpevaka\/","title":{"rendered":"Peter Lipa portr\u00e9t p\u0159i zp\u011bvu ve Studiu V, Zl\u00edn"},"content":{"rendered":"<p><img fetchpriority=\"high\" decoding=\"async\" class=\"wp-image-6047 alignnone\" src=\"https:\/\/jankratochvil.com\/wp-content\/uploads\/2020\/01\/peter-lipa-jan-kratochvil-fotograf-trebic-731x1024.jpg\" alt=\"Peter Lipa portr\u00e9t Studio V Zl\u00edn\" width=\"586\" height=\"821\" \/><\/p>\n<h4><strong>Peter Lipa<\/strong>, zp\u011bv\u00e1k, skladatel a jazzman.<\/h4>\n<h6>\u0158\u00edk\u00e1 se mu <a href=\"https:\/\/cs.wikipedia.org\/wiki\/Peter_Lipa\">otec slovensk\u00e9ho jazzu<\/a>. Tento t\u00fdden m\u011bl Petr a skupina slovensk\u00fdch um\u011blc\u016f koncert v <a href=\"https:\/\/www.carnegiehall.org\/Calendar\/2020\/01\/26\/Slovaks%20at%20Carnegie%20Hall%200730PM\">Carnegie Hall<\/a>!<\/h6>\n<h6>Tato ud\u00e1lost mi p\u0159ipom\u00edn\u00e1 \u010das p\u0159ed n\u011bkolika lety.<\/h6>\n<p><strong>Fotografoval jsem Petera Lipu a dal\u0161\u00edch um\u011blc\u016f b\u011bhem jejich vystoupen\u00ed v legend\u00e1rn\u00edm <a href=\"http:\/\/www.studiov.cz\/studio\/\">Studiu V<\/a> ve Zl\u00edn\u011b v \u010cesk\u00e9 republice.<\/strong><\/p>\n<p>Po pr\u00e1ci jsem m\u011bl mo\u017enost str\u00e1vit n\u011bjak\u00fd \u010das s <a href=\"https:\/\/www.peterlipa.com\/\">Peterem Lipou<\/a> a dal\u0161\u00edmi kluky jako Radek Pastrnak a Petr Vavrik ze zn\u00e1m\u00e9 \u010desk\u00e9 hudebn\u00ed skupiny <a href=\"http:\/\/www.buty.cz\">Buty<\/a>, Jindra Holubec, Pavla Magnuska z uskupen\u00ed <a href=\"https:\/\/www.fredy-krasty.com\">Jindra Holubec y Amigos<\/a>.<\/p>\n<p>Toho dne jsme si toho tolik u\u017eili! V\u00fdsledkem na\u0161\u00ed spole\u010dn\u00e9 pr\u00e1ce bylo \u00fasp\u011b\u0161n\u00e9 CD.<br \/>\nPokud m\u00e1te z\u00e1jem o spolupr\u00e1ci a focen\u00ed portr\u00e9tu, t\u011b\u0161\u00edm se v\u00e1\u0161 kontakt.<br \/>\n<a href=\"https:\/\/jankratochvil.com\/kontakt-jan-kratochvil-fotograf-trebic\/\">M\u00e9 kontakty naleznete zde.<\/a><br \/>\nTelefon: +420 702 147 081<br \/>\n&#8212;<br \/>\nPeter Lipa, singer, composer and jazzman. He has been called the Father of Slovak Jazz. This week Petr and a group of Slovak artists had a concert in Carnegie Hall!<\/p>\n<p>This event remembers me of time some years ago. I was hired to photograph Peter Lipa and other artists during their performance in the legendary Studio V in Zlin in the Czech Republik.<\/p>\n<p>After the work, I had the possibility to spend some time with Peter Lipa and other guys like Radek Pastrnak and Petr Vavrik from the well know Czech music band Buty, Jindra Holubec, Pavel Magnusek from Jindra Holubec y Amigos.<\/p>\n<p>We enjoyed that day so much! The result of our work was a great CD with various songs.<br \/>\nYou can contact me at any time for possible cooperation!<br \/>\n<a href=\"https:\/\/jankratochvil.com\/kontakt-jan-kratochvil-fotograf-trebic\/\">My contacts<\/a><\/p>\n","protected":false},"excerpt":{"rendered":"<p>Peter Lipa, zp\u011bv\u00e1k, skladatel a jazzman. \u0158\u00edk\u00e1 se mu otec slovensk\u00e9ho jazzu. Tento t\u00fdden m\u011bl Petr a skupina slovensk\u00fdch um\u011blc\u016f koncert v Carnegie Hall! Tato ud\u00e1lost mi p\u0159ipom\u00edn\u00e1 \u010das p\u0159ed n\u011bkolika lety. Fotografoval jsem Petera Lipu a dal\u0161\u00edch um\u011blc\u016f b\u011bhem [&hellip;]<\/p>\n","protected":false},"author":1,"featured_media":6054,"comment_status":"closed","ping_status":"closed","sticky":false,"template":"","format":"standard","meta":{"_eb_attr":"","footnotes":""},"categories":[214,147,244],"tags":[245,246],"class_list":["post-6041","post","type-post","status-publish","format-standard","has-post-thumbnail","hentry","category-photography","category-portraits","category-singers","tag-peter-lipa","tag-singer"],"_links":{"self":[{"href":"https:\/\/jankratochvil.com\/cs_cz\/wp-json\/wp\/v2\/posts\/6041","targetHints":{"allow":["GET"]}}],"collection":[{"href":"https:\/\/jankratochvil.com\/cs_cz\/wp-json\/wp\/v2\/posts"}],"about":[{"href":"https:\/\/jankratochvil.com\/cs_cz\/wp-json\/wp\/v2\/types\/post"}],"author":[{"embeddable":true,"href":"https:\/\/jankratochvil.com\/cs_cz\/wp-json\/wp\/v2\/users\/1"}],"replies":[{"embeddable":true,"href":"https:\/\/jankratochvil.com\/cs_cz\/wp-json\/wp\/v2\/comments?post=6041"}],"version-history":[{"count":0,"href":"https:\/\/jankratochvil.com\/cs_cz\/wp-json\/wp\/v2\/posts\/6041\/revisions"}],"wp:featuredmedia":[{"embeddable":true,"href":"https:\/\/jankratochvil.com\/cs_cz\/wp-json\/wp\/v2\/media\/6054"}],"wp:attachment":[{"href":"https:\/\/jankratochvil.com\/cs_cz\/wp-json\/wp\/v2\/media?parent=6041"}],"wp:term":[{"taxonomy":"category","embeddable":true,"href":"https:\/\/jankratochvil.com\/cs_cz\/wp-json\/wp\/v2\/categories?post=6041"},{"taxonomy":"post_tag","embeddable":true,"href":"https:\/\/jankratochvil.com\/cs_cz\/wp-json\/wp\/v2\/tags?post=6041"}],"curies":[{"name":"wp","href":"https:\/\/api.w.org\/{rel}","templated":true}]}}