{"id":5915,"date":"2019-11-11T19:15:40","date_gmt":"2019-11-11T19:15:40","guid":{"rendered":"https:\/\/jankratochvil.com\/?p=5915"},"modified":"2020-02-10T13:07:08","modified_gmt":"2020-02-10T13:07:08","slug":"fotofever-2019-paris-photo-art-fair","status":"publish","type":"post","link":"https:\/\/jankratochvil.com\/cs_cz\/fotofever-2019-paris-photo-art-fair\/","title":{"rendered":"fotofever 2019 Paris photography art fair 8 > 10 nov 2019"},"content":{"rendered":"\t\t<div data-elementor-type=\"wp-post\" data-elementor-id=\"5915\" class=\"elementor elementor-5915\">\n\t\t\t\t\t\t<section class=\"elementor-section elementor-top-section elementor-element elementor-element-a1d44e3 elementor-section-boxed elementor-section-height-default elementor-section-height-default\" data-id=\"a1d44e3\" data-element_type=\"section\" data-settings=\"{&quot;photography_ext_is_background_parallax&quot;:&quot;false&quot;,&quot;photography_ext_is_background_backdrop&quot;:&quot;false&quot;,&quot;photography_ext_is_background_on_scroll&quot;:&quot;false&quot;}\">\n\t\t\t\t\t\t<div class=\"elementor-container elementor-column-gap-default\">\n\t\t\t\t\t<div class=\"elementor-column elementor-col-100 elementor-top-column elementor-element elementor-element-2f75310\" data-id=\"2f75310\" data-element_type=\"column\" data-settings=\"{&quot;photography_ext_link_sidemenu&quot;:&quot;false&quot;,&quot;photography_ext_link_fullmenu&quot;:&quot;false&quot;,&quot;photography_ext_link_closed_fullmenu&quot;:&quot;false&quot;,&quot;photography_ext_mobile_static&quot;:&quot;false&quot;,&quot;photography_ext_is_scrollme&quot;:&quot;false&quot;,&quot;photography_ext_is_smoove&quot;:&quot;false&quot;,&quot;photography_ext_is_parallax_mouse&quot;:&quot;false&quot;,&quot;photography_ext_is_infinite&quot;:&quot;false&quot;,&quot;photography_ext_is_fadeout_animation&quot;:&quot;false&quot;}\">\n\t\t\t<div class=\"elementor-widget-wrap elementor-element-populated\">\n\t\t\t\t\t\t<div class=\"elementor-element elementor-element-a34d970 elementor-widget elementor-widget-image\" data-id=\"a34d970\" data-element_type=\"widget\" data-settings=\"{&quot;photography_image_is_animation&quot;:&quot;false&quot;,&quot;photography_ext_link_sidemenu&quot;:&quot;false&quot;,&quot;photography_ext_link_fullmenu&quot;:&quot;false&quot;,&quot;photography_ext_link_closed_fullmenu&quot;:&quot;false&quot;,&quot;photography_ext_mobile_static&quot;:&quot;false&quot;,&quot;photography_ext_is_scrollme&quot;:&quot;false&quot;,&quot;photography_ext_is_smoove&quot;:&quot;false&quot;,&quot;photography_ext_is_parallax_mouse&quot;:&quot;false&quot;,&quot;photography_ext_is_infinite&quot;:&quot;false&quot;,&quot;photography_ext_is_fadeout_animation&quot;:&quot;false&quot;}\" data-widget_type=\"image.default\">\n\t\t\t\t<div class=\"elementor-widget-container\">\n\t\t\t\t\t\t\t\t\t\t\t\t\t\t\t<img fetchpriority=\"high\" decoding=\"async\" width=\"1024\" height=\"768\" src=\"https:\/\/jankratochvil.com\/wp-content\/uploads\/2019\/12\/fotofever-paris-2019-jan-kratochvil-trebic-fotograf-050-1024x768.jpg\" class=\"attachment-large size-large wp-image-5884\" alt=\"fotofever Paris 2019\" \/>\t\t\t\t\t\t\t\t\t\t\t\t\t\t\t<\/div>\n\t\t\t\t<\/div>\n\t\t\t\t<section class=\"elementor-section elementor-inner-section elementor-element elementor-element-f1f6e4d elementor-section-boxed elementor-section-height-default elementor-section-height-default\" data-id=\"f1f6e4d\" data-element_type=\"section\" data-settings=\"{&quot;photography_ext_is_background_parallax&quot;:&quot;false&quot;,&quot;photography_ext_is_background_backdrop&quot;:&quot;false&quot;,&quot;photography_ext_is_background_on_scroll&quot;:&quot;false&quot;}\">\n\t\t\t\t\t\t<div class=\"elementor-container elementor-column-gap-default\">\n\t\t\t\t\t<div class=\"elementor-column elementor-col-50 elementor-inner-column elementor-element elementor-element-bb80d66\" data-id=\"bb80d66\" data-element_type=\"column\" data-settings=\"{&quot;photography_ext_link_sidemenu&quot;:&quot;false&quot;,&quot;photography_ext_link_fullmenu&quot;:&quot;false&quot;,&quot;photography_ext_link_closed_fullmenu&quot;:&quot;false&quot;,&quot;photography_ext_mobile_static&quot;:&quot;false&quot;,&quot;photography_ext_is_scrollme&quot;:&quot;false&quot;,&quot;photography_ext_is_smoove&quot;:&quot;false&quot;,&quot;photography_ext_is_parallax_mouse&quot;:&quot;false&quot;,&quot;photography_ext_is_infinite&quot;:&quot;false&quot;,&quot;photography_ext_is_fadeout_animation&quot;:&quot;false&quot;}\">\n\t\t\t<div class=\"elementor-widget-wrap elementor-element-populated\">\n\t\t\t\t\t\t<div class=\"elementor-element elementor-element-f3f80d2 elementor-widget elementor-widget-text-editor\" data-id=\"f3f80d2\" data-element_type=\"widget\" data-settings=\"{&quot;photography_ext_link_sidemenu&quot;:&quot;false&quot;,&quot;photography_ext_link_fullmenu&quot;:&quot;false&quot;,&quot;photography_ext_link_closed_fullmenu&quot;:&quot;false&quot;,&quot;photography_ext_mobile_static&quot;:&quot;false&quot;,&quot;photography_ext_is_scrollme&quot;:&quot;false&quot;,&quot;photography_ext_is_smoove&quot;:&quot;false&quot;,&quot;photography_ext_is_parallax_mouse&quot;:&quot;false&quot;,&quot;photography_ext_is_infinite&quot;:&quot;false&quot;,&quot;photography_ext_is_fadeout_animation&quot;:&quot;false&quot;}\" data-widget_type=\"text-editor.default\">\n\t\t\t\t<div class=\"elementor-widget-container\">\n\t\t\t\t\t\t\t\t\t<p>fotofever prezentuje sou\u010dasnou fotografii prost\u0159ednictv\u00edm ka\u017edoro\u010dn\u00edch akce, poskytuje platformu pro povzbuzen\u00ed nov\u00fdch talent\u016f a podporuje radost sb\u011bratel\u016f fotografi\u00ed, podporuje um\u011blce v jejich \u017eivot\u011b. Stoj\u00ed za to nav\u0161t\u00edvit tuto ud\u00e1lost. M\u00e1te zde mo\u017enost z\u00edskat krom prohl\u00eddky zaj\u00edmav\u00e9ho prost\u0159ed\u00ed i pohled na sou\u010dasnou fotografickou tvorbu. V\u00fdstava je prodejn\u00ed, tak\u017ee sb\u011bratel\u00e9 mohou sv\u00fdm zakoupen\u00edm um\u011blce podpo\u0159it v jejich dal\u0161\u00ed pr\u00e1ci.<br \/>Odkaz na ofici\u00e1ln\u00ed web: <a href=\"http:\/\/www.fotofever.com\">http:\/\/www.fotofever.com<\/a><span class=\"text_exposed_show\"><br \/>Sd\u00edl\u00edm fota, kter\u00e1 jsem po\u0159\u00eddil mobiln\u00edm telefonem b\u011bhem nav\u0161t\u011bvy fotofever <span class=\"_5mfr\"><span class=\"_6qdm\">\ud83d\ude09<\/span><\/span><\/span><\/p>\t\t\t\t\t\t\t\t<\/div>\n\t\t\t\t<\/div>\n\t\t\t\t\t<\/div>\n\t\t<\/div>\n\t\t\t\t<div class=\"elementor-column elementor-col-50 elementor-inner-column elementor-element elementor-element-1bad806\" data-id=\"1bad806\" data-element_type=\"column\" data-settings=\"{&quot;photography_ext_link_sidemenu&quot;:&quot;false&quot;,&quot;photography_ext_link_fullmenu&quot;:&quot;false&quot;,&quot;photography_ext_link_closed_fullmenu&quot;:&quot;false&quot;,&quot;photography_ext_mobile_static&quot;:&quot;false&quot;,&quot;photography_ext_is_scrollme&quot;:&quot;false&quot;,&quot;photography_ext_is_smoove&quot;:&quot;false&quot;,&quot;photography_ext_is_parallax_mouse&quot;:&quot;false&quot;,&quot;photography_ext_is_infinite&quot;:&quot;false&quot;,&quot;photography_ext_is_fadeout_animation&quot;:&quot;false&quot;}\">\n\t\t\t<div class=\"elementor-widget-wrap elementor-element-populated\">\n\t\t\t\t\t\t<div class=\"elementor-element elementor-element-2e00877 elementor-widget elementor-widget-text-editor\" data-id=\"2e00877\" data-element_type=\"widget\" data-settings=\"{&quot;photography_ext_link_sidemenu&quot;:&quot;false&quot;,&quot;photography_ext_link_fullmenu&quot;:&quot;false&quot;,&quot;photography_ext_link_closed_fullmenu&quot;:&quot;false&quot;,&quot;photography_ext_mobile_static&quot;:&quot;false&quot;,&quot;photography_ext_is_scrollme&quot;:&quot;false&quot;,&quot;photography_ext_is_smoove&quot;:&quot;false&quot;,&quot;photography_ext_is_parallax_mouse&quot;:&quot;false&quot;,&quot;photography_ext_is_infinite&quot;:&quot;false&quot;,&quot;photography_ext_is_fadeout_animation&quot;:&quot;false&quot;}\" data-widget_type=\"text-editor.default\">\n\t\t\t\t<div class=\"elementor-widget-container\">\n\t\t\t\t\t\t\t\t\t<p>fotofever advocates contemporary photography through annual events, providing a platform to elevate new talents and promote the joy of collecting, supporting artists in their lifetime. Is it worth to visit that event. In addition to tours of interesting surroundings, you can get a look at contemporary photography. The exhibition is for sale, so collectors can support the artist in their further work by purchasing them.<br \/>fotofever website: <a href=\"http:\/\/www.fotofever.com\/\">http:\/\/www.fotofever.com\/<\/a><br \/>I share some photo I have taken there during my stay at fotofever. Enjoy <span class=\"_5mfr\"><span class=\"_6qdm\">\ud83d\ude09<\/span><\/span><\/p>\t\t\t\t\t\t\t\t<\/div>\n\t\t\t\t<\/div>\n\t\t\t\t\t<\/div>\n\t\t<\/div>\n\t\t\t\t\t<\/div>\n\t\t<\/section>\n\t\t\t\t\t<\/div>\n\t\t<\/div>\n\t\t\t\t\t<\/div>\n\t\t<\/section>\n\t\t\t\t<section class=\"elementor-section elementor-top-section elementor-element elementor-element-58378ea elementor-section-boxed elementor-section-height-default elementor-section-height-default\" data-id=\"58378ea\" data-element_type=\"section\" data-settings=\"{&quot;photography_ext_is_background_parallax&quot;:&quot;false&quot;,&quot;photography_ext_is_background_backdrop&quot;:&quot;false&quot;,&quot;photography_ext_is_background_on_scroll&quot;:&quot;false&quot;}\">\n\t\t\t\t\t\t<div class=\"elementor-container elementor-column-gap-default\">\n\t\t\t\t\t<div class=\"elementor-column elementor-col-100 elementor-top-column elementor-element elementor-element-cdca880\" data-id=\"cdca880\" data-element_type=\"column\" data-settings=\"{&quot;photography_ext_link_sidemenu&quot;:&quot;false&quot;,&quot;photography_ext_link_fullmenu&quot;:&quot;false&quot;,&quot;photography_ext_link_closed_fullmenu&quot;:&quot;false&quot;,&quot;photography_ext_mobile_static&quot;:&quot;false&quot;,&quot;photography_ext_is_scrollme&quot;:&quot;false&quot;,&quot;photography_ext_is_smoove&quot;:&quot;false&quot;,&quot;photography_ext_is_parallax_mouse&quot;:&quot;false&quot;,&quot;photography_ext_is_infinite&quot;:&quot;false&quot;,&quot;photography_ext_is_fadeout_animation&quot;:&quot;false&quot;}\">\n\t\t\t<div class=\"elementor-widget-wrap elementor-element-populated\">\n\t\t\t\t\t\t<div class=\"elementor-element elementor-element-6878ce3 elementor-widget elementor-widget-shortcode\" data-id=\"6878ce3\" data-element_type=\"widget\" data-settings=\"{&quot;photography_ext_link_sidemenu&quot;:&quot;false&quot;,&quot;photography_ext_link_fullmenu&quot;:&quot;false&quot;,&quot;photography_ext_link_closed_fullmenu&quot;:&quot;false&quot;,&quot;photography_ext_mobile_static&quot;:&quot;false&quot;,&quot;photography_ext_is_scrollme&quot;:&quot;false&quot;,&quot;photography_ext_is_smoove&quot;:&quot;false&quot;,&quot;photography_ext_is_parallax_mouse&quot;:&quot;false&quot;,&quot;photography_ext_is_infinite&quot;:&quot;false&quot;,&quot;photography_ext_is_fadeout_animation&quot;:&quot;false&quot;}\" data-widget_type=\"shortcode.default\">\n\t\t\t\t<div class=\"elementor-widget-container\">\n\t\t\t\t\t\t\t<div class=\"elementor-shortcode\"><div class=\"standard_wrapper\"><div id=\"1777516335265519906\" data-gallery-id=\"5862\" data-items=\"0\" data-columns=\"4\" data-gutter=\"30\" data-type=\"masonry\" data-layout=\"contain\" class=\"portfolio_filter_wrapper masonry infinite_grid portfolio-content content gallery four_cols contain\" data-columns=\"4\"><div class=\"element masonry  classic4_cols kenburns\"><div class=\"one_fourth gallery4 static filterable gallery_type gallery_image animated1\"><a data-rel=\"photography_gallery_5862\" data-title=\"\" data-desc=\"\" data-thumb=\"https:\/\/jankratochvil.com\/wp-content\/uploads\/2019\/12\/fotofever-paris-2019-jan-kratochvil-trebic-fotograf-001-225x300.jpg\" href=\"https:\/\/jankratochvil.com\/wp-content\/uploads\/2019\/12\/fotofever-paris-2019-jan-kratochvil-trebic-fotograf-001.jpg\"  class=\"fancy-gallery\"><img decoding=\"async\" src=\"https:\/\/jankratochvil.com\/wp-content\/uploads\/2019\/12\/fotofever-paris-2019-jan-kratochvil-trebic-fotograf-001-705x940.jpg\" alt=\"fotofever Paris 2019\" class=\"preview\"\/><\/a><\/div><\/div><div class=\"element masonry  classic4_cols kenburns\"><div class=\"one_fourth gallery4 static filterable gallery_type gallery_image animated2\"><a data-rel=\"photography_gallery_5862\" data-title=\"\" data-desc=\"\" data-thumb=\"https:\/\/jankratochvil.com\/wp-content\/uploads\/2019\/12\/fotofever-paris-2019-jan-kratochvil-trebic-fotograf-025-225x300.jpg\" href=\"https:\/\/jankratochvil.com\/wp-content\/uploads\/2019\/12\/fotofever-paris-2019-jan-kratochvil-trebic-fotograf-025.jpg\"  class=\"fancy-gallery\"><img decoding=\"async\" src=\"https:\/\/jankratochvil.com\/wp-content\/uploads\/2019\/12\/fotofever-paris-2019-jan-kratochvil-trebic-fotograf-025-705x940.jpg\" alt=\"fotofever Paris 2019\" class=\"preview\"\/><\/a><\/div><\/div><div class=\"element masonry  classic4_cols kenburns\"><div class=\"one_fourth gallery4 static filterable gallery_type gallery_image animated3\"><a data-rel=\"photography_gallery_5862\" data-title=\"\" data-desc=\"\" data-thumb=\"https:\/\/jankratochvil.com\/wp-content\/uploads\/2019\/12\/fotofever-paris-2019-jan-kratochvil-trebic-fotograf-002-225x300.jpg\" href=\"https:\/\/jankratochvil.com\/wp-content\/uploads\/2019\/12\/fotofever-paris-2019-jan-kratochvil-trebic-fotograf-002.jpg\"  class=\"fancy-gallery\"><img decoding=\"async\" src=\"https:\/\/jankratochvil.com\/wp-content\/uploads\/2019\/12\/fotofever-paris-2019-jan-kratochvil-trebic-fotograf-002-705x938.jpg\" alt=\"\" class=\"preview\"\/><\/a><\/div><\/div><div class=\"element masonry  classic4_cols kenburns\"><div class=\"one_fourth gallery4 static filterable gallery_type gallery_image animated4\"><a data-rel=\"photography_gallery_5862\" data-title=\"\" data-desc=\"\" data-thumb=\"https:\/\/jankratochvil.com\/wp-content\/uploads\/2019\/12\/fotofever-paris-2019-jan-kratochvil-trebic-fotograf-115-300x225.jpg\" href=\"https:\/\/jankratochvil.com\/wp-content\/uploads\/2019\/12\/fotofever-paris-2019-jan-kratochvil-trebic-fotograf-115.jpg\"  class=\"fancy-gallery\"><img decoding=\"async\" src=\"https:\/\/jankratochvil.com\/wp-content\/uploads\/2019\/12\/fotofever-paris-2019-jan-kratochvil-trebic-fotograf-115-705x529.jpg\" alt=\"fotofever 2019 Paris start to collect photograps\" class=\"preview\"\/><\/a><\/div><\/div><div class=\"element masonry  classic4_cols kenburns\"><div class=\"one_fourth gallery4 static filterable gallery_type gallery_image animated5\"><a data-rel=\"photography_gallery_5862\" data-title=\"\" data-desc=\"\" data-thumb=\"https:\/\/jankratochvil.com\/wp-content\/uploads\/2019\/12\/fotofever-paris-2019-jan-kratochvil-trebic-fotograf-024-225x300.jpg\" href=\"https:\/\/jankratochvil.com\/wp-content\/uploads\/2019\/12\/fotofever-paris-2019-jan-kratochvil-trebic-fotograf-024.jpg\"  class=\"fancy-gallery\"><img decoding=\"async\" src=\"https:\/\/jankratochvil.com\/wp-content\/uploads\/2019\/12\/fotofever-paris-2019-jan-kratochvil-trebic-fotograf-024-705x940.jpg\" alt=\"\" class=\"preview\"\/><\/a><\/div><\/div><div class=\"element masonry  classic4_cols kenburns\"><div class=\"one_fourth gallery4 static filterable gallery_type gallery_image animated6\"><a data-rel=\"photography_gallery_5862\" data-title=\"\" data-desc=\"\" data-thumb=\"https:\/\/jankratochvil.com\/wp-content\/uploads\/2019\/12\/fotofever-paris-2019-jan-kratochvil-trebic-fotograf-005-300x225.jpg\" href=\"https:\/\/jankratochvil.com\/wp-content\/uploads\/2019\/12\/fotofever-paris-2019-jan-kratochvil-trebic-fotograf-005.jpg\"  class=\"fancy-gallery\"><img decoding=\"async\" src=\"https:\/\/jankratochvil.com\/wp-content\/uploads\/2019\/12\/fotofever-paris-2019-jan-kratochvil-trebic-fotograf-005-705x529.jpg\" alt=\"\" class=\"preview\"\/><\/a><\/div><\/div><div class=\"element masonry  classic4_cols kenburns\"><div class=\"one_fourth gallery4 static filterable gallery_type gallery_image animated7\"><a data-rel=\"photography_gallery_5862\" data-title=\"\" data-desc=\"\" data-thumb=\"https:\/\/jankratochvil.com\/wp-content\/uploads\/2019\/12\/fotofever-paris-2019-jan-kratochvil-trebic-fotograf-008-225x300.jpg\" href=\"https:\/\/jankratochvil.com\/wp-content\/uploads\/2019\/12\/fotofever-paris-2019-jan-kratochvil-trebic-fotograf-008.jpg\"  class=\"fancy-gallery\"><img decoding=\"async\" src=\"https:\/\/jankratochvil.com\/wp-content\/uploads\/2019\/12\/fotofever-paris-2019-jan-kratochvil-trebic-fotograf-008-705x940.jpg\" alt=\"\" class=\"preview\"\/><\/a><\/div><\/div><div class=\"element masonry  classic4_cols kenburns\"><div class=\"one_fourth gallery4 static filterable gallery_type gallery_image animated8\"><a data-rel=\"photography_gallery_5862\" data-title=\"\" data-desc=\"\" data-thumb=\"https:\/\/jankratochvil.com\/wp-content\/uploads\/2019\/12\/fotofever-paris-2019-jan-kratochvil-trebic-fotograf-016-300x225.jpg\" href=\"https:\/\/jankratochvil.com\/wp-content\/uploads\/2019\/12\/fotofever-paris-2019-jan-kratochvil-trebic-fotograf-016.jpg\"  class=\"fancy-gallery\"><img decoding=\"async\" src=\"https:\/\/jankratochvil.com\/wp-content\/uploads\/2019\/12\/fotofever-paris-2019-jan-kratochvil-trebic-fotograf-016-705x529.jpg\" alt=\"\" class=\"preview\"\/><\/a><\/div><\/div><div class=\"element masonry  classic4_cols kenburns\"><div class=\"one_fourth gallery4 static filterable gallery_type gallery_image animated9\"><a data-rel=\"photography_gallery_5862\" data-title=\"\" data-desc=\"\" data-thumb=\"https:\/\/jankratochvil.com\/wp-content\/uploads\/2019\/12\/fotofever-paris-2019-jan-kratochvil-trebic-fotograf-018-225x300.jpg\" href=\"https:\/\/jankratochvil.com\/wp-content\/uploads\/2019\/12\/fotofever-paris-2019-jan-kratochvil-trebic-fotograf-018.jpg\"  class=\"fancy-gallery\"><img decoding=\"async\" src=\"https:\/\/jankratochvil.com\/wp-content\/uploads\/2019\/12\/fotofever-paris-2019-jan-kratochvil-trebic-fotograf-018-705x940.jpg\" alt=\"\" class=\"preview\"\/><\/a><\/div><\/div><div class=\"element masonry  classic4_cols kenburns\"><div class=\"one_fourth gallery4 static filterable gallery_type gallery_image animated10\"><a data-rel=\"photography_gallery_5862\" data-title=\"\" data-desc=\"\" data-thumb=\"https:\/\/jankratochvil.com\/wp-content\/uploads\/2019\/12\/fotofever-paris-2019-jan-kratochvil-trebic-fotograf-020-225x300.jpg\" href=\"https:\/\/jankratochvil.com\/wp-content\/uploads\/2019\/12\/fotofever-paris-2019-jan-kratochvil-trebic-fotograf-020.jpg\"  class=\"fancy-gallery\"><img decoding=\"async\" src=\"https:\/\/jankratochvil.com\/wp-content\/uploads\/2019\/12\/fotofever-paris-2019-jan-kratochvil-trebic-fotograf-020-705x940.jpg\" alt=\"\" class=\"preview\"\/><\/a><\/div><\/div><div class=\"element masonry  classic4_cols kenburns\"><div class=\"one_fourth gallery4 static filterable gallery_type gallery_image animated11\"><a data-rel=\"photography_gallery_5862\" data-title=\"\" data-desc=\"\" data-thumb=\"https:\/\/jankratochvil.com\/wp-content\/uploads\/2019\/12\/fotofever-paris-2019-jan-kratochvil-trebic-fotograf-011-225x300.jpg\" href=\"https:\/\/jankratochvil.com\/wp-content\/uploads\/2019\/12\/fotofever-paris-2019-jan-kratochvil-trebic-fotograf-011.jpg\"  class=\"fancy-gallery\"><img decoding=\"async\" src=\"https:\/\/jankratochvil.com\/wp-content\/uploads\/2019\/12\/fotofever-paris-2019-jan-kratochvil-trebic-fotograf-011-705x940.jpg\" alt=\"\" class=\"preview\"\/><\/a><\/div><\/div><div class=\"element masonry  classic4_cols kenburns\"><div class=\"one_fourth gallery4 static filterable gallery_type gallery_image animated12\"><a data-rel=\"photography_gallery_5862\" data-title=\"\" data-desc=\"\" data-thumb=\"https:\/\/jankratochvil.com\/wp-content\/uploads\/2019\/12\/fotofever-paris-2019-jan-kratochvil-trebic-fotograf-006-225x300.jpg\" href=\"https:\/\/jankratochvil.com\/wp-content\/uploads\/2019\/12\/fotofever-paris-2019-jan-kratochvil-trebic-fotograf-006.jpg\"  class=\"fancy-gallery\"><img decoding=\"async\" src=\"https:\/\/jankratochvil.com\/wp-content\/uploads\/2019\/12\/fotofever-paris-2019-jan-kratochvil-trebic-fotograf-006-705x940.jpg\" alt=\"\" class=\"preview\"\/><\/a><\/div><\/div><div class=\"element masonry  classic4_cols kenburns\"><div class=\"one_fourth gallery4 static filterable gallery_type gallery_image animated13\"><a data-rel=\"photography_gallery_5862\" data-title=\"\" data-desc=\"\" data-thumb=\"https:\/\/jankratochvil.com\/wp-content\/uploads\/2019\/12\/fotofever-paris-2019-jan-kratochvil-trebic-fotograf-022-300x225.jpg\" href=\"https:\/\/jankratochvil.com\/wp-content\/uploads\/2019\/12\/fotofever-paris-2019-jan-kratochvil-trebic-fotograf-022.jpg\"  class=\"fancy-gallery\"><img decoding=\"async\" src=\"https:\/\/jankratochvil.com\/wp-content\/uploads\/2019\/12\/fotofever-paris-2019-jan-kratochvil-trebic-fotograf-022-705x529.jpg\" alt=\"\" class=\"preview\"\/><\/a><\/div><\/div><div class=\"element masonry  classic4_cols kenburns\"><div class=\"one_fourth gallery4 static filterable gallery_type gallery_image animated14\"><a data-rel=\"photography_gallery_5862\" data-title=\"\" data-desc=\"\" data-thumb=\"https:\/\/jankratochvil.com\/wp-content\/uploads\/2019\/12\/fotofever-paris-2019-jan-kratochvil-trebic-fotograf-014-225x300.jpg\" href=\"https:\/\/jankratochvil.com\/wp-content\/uploads\/2019\/12\/fotofever-paris-2019-jan-kratochvil-trebic-fotograf-014.jpg\"  class=\"fancy-gallery\"><img decoding=\"async\" src=\"https:\/\/jankratochvil.com\/wp-content\/uploads\/2019\/12\/fotofever-paris-2019-jan-kratochvil-trebic-fotograf-014-705x940.jpg\" alt=\"\" class=\"preview\"\/><\/a><\/div><\/div><div class=\"element masonry  classic4_cols kenburns\"><div class=\"one_fourth gallery4 static filterable gallery_type gallery_image animated15\"><a data-rel=\"photography_gallery_5862\" data-title=\"\" data-desc=\"\" data-thumb=\"https:\/\/jankratochvil.com\/wp-content\/uploads\/2019\/12\/fotofever-paris-2019-jan-kratochvil-trebic-fotograf-030-300x225.jpg\" href=\"https:\/\/jankratochvil.com\/wp-content\/uploads\/2019\/12\/fotofever-paris-2019-jan-kratochvil-trebic-fotograf-030.jpg\"  class=\"fancy-gallery\"><img decoding=\"async\" src=\"https:\/\/jankratochvil.com\/wp-content\/uploads\/2019\/12\/fotofever-paris-2019-jan-kratochvil-trebic-fotograf-030-705x529.jpg\" alt=\"\" class=\"preview\"\/><\/a><\/div><\/div><div class=\"element masonry  classic4_cols kenburns\"><div class=\"one_fourth gallery4 static filterable gallery_type gallery_image animated16\"><a data-rel=\"photography_gallery_5862\" data-title=\"\" data-desc=\"\" data-thumb=\"https:\/\/jankratochvil.com\/wp-content\/uploads\/2019\/12\/fotofever-paris-2019-jan-kratochvil-trebic-fotograf-037-225x300.jpg\" href=\"https:\/\/jankratochvil.com\/wp-content\/uploads\/2019\/12\/fotofever-paris-2019-jan-kratochvil-trebic-fotograf-037.jpg\"  class=\"fancy-gallery\"><img decoding=\"async\" src=\"https:\/\/jankratochvil.com\/wp-content\/uploads\/2019\/12\/fotofever-paris-2019-jan-kratochvil-trebic-fotograf-037-705x940.jpg\" alt=\"\" class=\"preview\"\/><\/a><\/div><\/div><div class=\"element masonry  classic4_cols kenburns\"><div class=\"one_fourth gallery4 static filterable gallery_type gallery_image animated17\"><a data-rel=\"photography_gallery_5862\" data-title=\"\" data-desc=\"\" data-thumb=\"https:\/\/jankratochvil.com\/wp-content\/uploads\/2019\/12\/fotofever-paris-2019-jan-kratochvil-trebic-fotograf-029-225x300.jpg\" href=\"https:\/\/jankratochvil.com\/wp-content\/uploads\/2019\/12\/fotofever-paris-2019-jan-kratochvil-trebic-fotograf-029.jpg\"  class=\"fancy-gallery\"><img decoding=\"async\" src=\"https:\/\/jankratochvil.com\/wp-content\/uploads\/2019\/12\/fotofever-paris-2019-jan-kratochvil-trebic-fotograf-029-705x940.jpg\" alt=\"\" class=\"preview\"\/><\/a><\/div><\/div><div class=\"element masonry  classic4_cols kenburns\"><div class=\"one_fourth gallery4 static filterable gallery_type gallery_image animated18\"><a data-rel=\"photography_gallery_5862\" data-title=\"\" data-desc=\"\" data-thumb=\"https:\/\/jankratochvil.com\/wp-content\/uploads\/2019\/12\/fotofever-paris-2019-jan-kratochvil-trebic-fotograf-026-225x300.jpg\" href=\"https:\/\/jankratochvil.com\/wp-content\/uploads\/2019\/12\/fotofever-paris-2019-jan-kratochvil-trebic-fotograf-026.jpg\"  class=\"fancy-gallery\"><img decoding=\"async\" src=\"https:\/\/jankratochvil.com\/wp-content\/uploads\/2019\/12\/fotofever-paris-2019-jan-kratochvil-trebic-fotograf-026-705x940.jpg\" alt=\"\" class=\"preview\"\/><\/a><\/div><\/div><div class=\"element masonry  classic4_cols kenburns\"><div class=\"one_fourth gallery4 static filterable gallery_type gallery_image animated19\"><a data-rel=\"photography_gallery_5862\" data-title=\"\" data-desc=\"\" data-thumb=\"https:\/\/jankratochvil.com\/wp-content\/uploads\/2019\/12\/fotofever-paris-2019-jan-kratochvil-trebic-fotograf-028-225x300.jpg\" href=\"https:\/\/jankratochvil.com\/wp-content\/uploads\/2019\/12\/fotofever-paris-2019-jan-kratochvil-trebic-fotograf-028.jpg\"  class=\"fancy-gallery\"><img decoding=\"async\" src=\"https:\/\/jankratochvil.com\/wp-content\/uploads\/2019\/12\/fotofever-paris-2019-jan-kratochvil-trebic-fotograf-028-705x940.jpg\" alt=\"\" class=\"preview\"\/><\/a><\/div><\/div><div class=\"element masonry  classic4_cols kenburns\"><div class=\"one_fourth gallery4 static filterable gallery_type gallery_image animated20\"><a data-rel=\"photography_gallery_5862\" data-title=\"\" data-desc=\"\" data-thumb=\"https:\/\/jankratochvil.com\/wp-content\/uploads\/2019\/12\/fotofever-paris-2019-jan-kratochvil-trebic-fotograf-036-225x300.jpg\" href=\"https:\/\/jankratochvil.com\/wp-content\/uploads\/2019\/12\/fotofever-paris-2019-jan-kratochvil-trebic-fotograf-036.jpg\"  class=\"fancy-gallery\"><img decoding=\"async\" src=\"https:\/\/jankratochvil.com\/wp-content\/uploads\/2019\/12\/fotofever-paris-2019-jan-kratochvil-trebic-fotograf-036-705x940.jpg\" alt=\"\" class=\"preview\"\/><\/a><\/div><\/div><div class=\"element masonry  classic4_cols kenburns\"><div class=\"one_fourth gallery4 static filterable gallery_type gallery_image animated21\"><a data-rel=\"photography_gallery_5862\" data-title=\"\" data-desc=\"\" data-thumb=\"https:\/\/jankratochvil.com\/wp-content\/uploads\/2019\/12\/fotofever-paris-2019-jan-kratochvil-trebic-fotograf-034-225x300.jpg\" href=\"https:\/\/jankratochvil.com\/wp-content\/uploads\/2019\/12\/fotofever-paris-2019-jan-kratochvil-trebic-fotograf-034.jpg\"  class=\"fancy-gallery\"><img decoding=\"async\" src=\"https:\/\/jankratochvil.com\/wp-content\/uploads\/2019\/12\/fotofever-paris-2019-jan-kratochvil-trebic-fotograf-034-705x940.jpg\" alt=\"\" class=\"preview\"\/><\/a><\/div><\/div><div class=\"element masonry  classic4_cols kenburns\"><div class=\"one_fourth gallery4 static filterable gallery_type gallery_image animated22\"><a data-rel=\"photography_gallery_5862\" data-title=\"\" data-desc=\"\" data-thumb=\"https:\/\/jankratochvil.com\/wp-content\/uploads\/2019\/12\/fotofever-paris-2019-jan-kratochvil-trebic-fotograf-031-300x225.jpg\" href=\"https:\/\/jankratochvil.com\/wp-content\/uploads\/2019\/12\/fotofever-paris-2019-jan-kratochvil-trebic-fotograf-031.jpg\"  class=\"fancy-gallery\"><img decoding=\"async\" src=\"https:\/\/jankratochvil.com\/wp-content\/uploads\/2019\/12\/fotofever-paris-2019-jan-kratochvil-trebic-fotograf-031-705x529.jpg\" alt=\"\" class=\"preview\"\/><\/a><\/div><\/div><div class=\"element masonry  classic4_cols kenburns\"><div class=\"one_fourth gallery4 static filterable gallery_type gallery_image animated23\"><a data-rel=\"photography_gallery_5862\" data-title=\"\" data-desc=\"\" data-thumb=\"https:\/\/jankratochvil.com\/wp-content\/uploads\/2019\/12\/fotofever-paris-2019-jan-kratochvil-trebic-fotograf-050-300x225.jpg\" href=\"https:\/\/jankratochvil.com\/wp-content\/uploads\/2019\/12\/fotofever-paris-2019-jan-kratochvil-trebic-fotograf-050.jpg\"  class=\"fancy-gallery\"><img decoding=\"async\" src=\"https:\/\/jankratochvil.com\/wp-content\/uploads\/2019\/12\/fotofever-paris-2019-jan-kratochvil-trebic-fotograf-050-705x529.jpg\" alt=\"fotofever Paris 2019\" class=\"preview\"\/><\/a><\/div><\/div><div class=\"element masonry  classic4_cols kenburns\"><div class=\"one_fourth gallery4 static filterable gallery_type gallery_image animated24\"><a data-rel=\"photography_gallery_5862\" data-title=\"\" data-desc=\"\" data-thumb=\"https:\/\/jankratochvil.com\/wp-content\/uploads\/2019\/12\/fotofever-paris-2019-jan-kratochvil-trebic-fotograf-051-300x225.jpg\" href=\"https:\/\/jankratochvil.com\/wp-content\/uploads\/2019\/12\/fotofever-paris-2019-jan-kratochvil-trebic-fotograf-051.jpg\"  class=\"fancy-gallery\"><img decoding=\"async\" src=\"https:\/\/jankratochvil.com\/wp-content\/uploads\/2019\/12\/fotofever-paris-2019-jan-kratochvil-trebic-fotograf-051-705x529.jpg\" alt=\"\" class=\"preview\"\/><\/a><\/div><\/div><div class=\"element masonry  classic4_cols kenburns\"><div class=\"one_fourth gallery4 static filterable gallery_type gallery_image animated25\"><a data-rel=\"photography_gallery_5862\" data-title=\"\" data-desc=\"\" data-thumb=\"https:\/\/jankratochvil.com\/wp-content\/uploads\/2019\/12\/fotofever-paris-2019-jan-kratochvil-trebic-fotograf-049-300x225.jpg\" href=\"https:\/\/jankratochvil.com\/wp-content\/uploads\/2019\/12\/fotofever-paris-2019-jan-kratochvil-trebic-fotograf-049.jpg\"  class=\"fancy-gallery\"><img decoding=\"async\" src=\"https:\/\/jankratochvil.com\/wp-content\/uploads\/2019\/12\/fotofever-paris-2019-jan-kratochvil-trebic-fotograf-049-705x529.jpg\" alt=\"\" class=\"preview\"\/><\/a><\/div><\/div><div class=\"element masonry  classic4_cols kenburns\"><div class=\"one_fourth gallery4 static filterable gallery_type gallery_image animated26\"><a data-rel=\"photography_gallery_5862\" data-title=\"\" data-desc=\"\" data-thumb=\"https:\/\/jankratochvil.com\/wp-content\/uploads\/2019\/12\/fotofever-paris-2019-jan-kratochvil-trebic-fotograf-043-225x300.jpg\" href=\"https:\/\/jankratochvil.com\/wp-content\/uploads\/2019\/12\/fotofever-paris-2019-jan-kratochvil-trebic-fotograf-043.jpg\"  class=\"fancy-gallery\"><img decoding=\"async\" src=\"https:\/\/jankratochvil.com\/wp-content\/uploads\/2019\/12\/fotofever-paris-2019-jan-kratochvil-trebic-fotograf-043-705x940.jpg\" alt=\"\" class=\"preview\"\/><\/a><\/div><\/div><div class=\"element masonry  classic4_cols kenburns\"><div class=\"one_fourth gallery4 static filterable gallery_type gallery_image animated27\"><a data-rel=\"photography_gallery_5862\" data-title=\"\" data-desc=\"\" data-thumb=\"https:\/\/jankratochvil.com\/wp-content\/uploads\/2019\/12\/fotofever-paris-2019-jan-kratochvil-trebic-fotograf-045-225x300.jpg\" href=\"https:\/\/jankratochvil.com\/wp-content\/uploads\/2019\/12\/fotofever-paris-2019-jan-kratochvil-trebic-fotograf-045.jpg\"  class=\"fancy-gallery\"><img decoding=\"async\" src=\"https:\/\/jankratochvil.com\/wp-content\/uploads\/2019\/12\/fotofever-paris-2019-jan-kratochvil-trebic-fotograf-045-705x940.jpg\" alt=\"\" class=\"preview\"\/><\/a><\/div><\/div><div class=\"element masonry  classic4_cols kenburns\"><div class=\"one_fourth gallery4 static filterable gallery_type gallery_image animated28\"><a data-rel=\"photography_gallery_5862\" data-title=\"\" data-desc=\"\" data-thumb=\"https:\/\/jankratochvil.com\/wp-content\/uploads\/2019\/12\/fotofever-paris-2019-jan-kratochvil-trebic-fotograf-052-225x300.jpg\" href=\"https:\/\/jankratochvil.com\/wp-content\/uploads\/2019\/12\/fotofever-paris-2019-jan-kratochvil-trebic-fotograf-052.jpg\"  class=\"fancy-gallery\"><img decoding=\"async\" src=\"https:\/\/jankratochvil.com\/wp-content\/uploads\/2019\/12\/fotofever-paris-2019-jan-kratochvil-trebic-fotograf-052-705x940.jpg\" alt=\"\" class=\"preview\"\/><\/a><\/div><\/div><div class=\"element masonry  classic4_cols kenburns\"><div class=\"one_fourth gallery4 static filterable gallery_type gallery_image animated29\"><a data-rel=\"photography_gallery_5862\" data-title=\"\" data-desc=\"\" data-thumb=\"https:\/\/jankratochvil.com\/wp-content\/uploads\/2019\/12\/fotofever-paris-2019-jan-kratochvil-trebic-fotograf-047-225x300.jpg\" href=\"https:\/\/jankratochvil.com\/wp-content\/uploads\/2019\/12\/fotofever-paris-2019-jan-kratochvil-trebic-fotograf-047.jpg\"  class=\"fancy-gallery\"><img decoding=\"async\" src=\"https:\/\/jankratochvil.com\/wp-content\/uploads\/2019\/12\/fotofever-paris-2019-jan-kratochvil-trebic-fotograf-047-705x940.jpg\" alt=\"\" class=\"preview\"\/><\/a><\/div><\/div><div class=\"element masonry  classic4_cols kenburns\"><div class=\"one_fourth gallery4 static filterable gallery_type gallery_image animated30\"><a data-rel=\"photography_gallery_5862\" data-title=\"\" data-desc=\"\" data-thumb=\"https:\/\/jankratochvil.com\/wp-content\/uploads\/2019\/12\/fotofever-paris-2019-jan-kratochvil-trebic-fotograf-053-225x300.jpg\" href=\"https:\/\/jankratochvil.com\/wp-content\/uploads\/2019\/12\/fotofever-paris-2019-jan-kratochvil-trebic-fotograf-053.jpg\"  class=\"fancy-gallery\"><img decoding=\"async\" src=\"https:\/\/jankratochvil.com\/wp-content\/uploads\/2019\/12\/fotofever-paris-2019-jan-kratochvil-trebic-fotograf-053-705x940.jpg\" alt=\"\" class=\"preview\"\/><\/a><\/div><\/div><div class=\"element masonry  classic4_cols kenburns\"><div class=\"one_fourth gallery4 static filterable gallery_type gallery_image animated31\"><a data-rel=\"photography_gallery_5862\" data-title=\"\" data-desc=\"\" data-thumb=\"https:\/\/jankratochvil.com\/wp-content\/uploads\/2019\/12\/fotofever-paris-2019-jan-kratochvil-trebic-fotograf-054-225x300.jpg\" href=\"https:\/\/jankratochvil.com\/wp-content\/uploads\/2019\/12\/fotofever-paris-2019-jan-kratochvil-trebic-fotograf-054.jpg\"  class=\"fancy-gallery\"><img decoding=\"async\" src=\"https:\/\/jankratochvil.com\/wp-content\/uploads\/2019\/12\/fotofever-paris-2019-jan-kratochvil-trebic-fotograf-054-705x940.jpg\" alt=\"\" class=\"preview\"\/><\/a><\/div><\/div><div class=\"element masonry  classic4_cols kenburns\"><div class=\"one_fourth gallery4 static filterable gallery_type gallery_image animated32\"><a data-rel=\"photography_gallery_5862\" data-title=\"\" data-desc=\"\" data-thumb=\"https:\/\/jankratochvil.com\/wp-content\/uploads\/2019\/12\/fotofever-paris-2019-jan-kratochvil-trebic-fotograf-062-225x300.jpg\" href=\"https:\/\/jankratochvil.com\/wp-content\/uploads\/2019\/12\/fotofever-paris-2019-jan-kratochvil-trebic-fotograf-062.jpg\"  class=\"fancy-gallery\"><img decoding=\"async\" src=\"https:\/\/jankratochvil.com\/wp-content\/uploads\/2019\/12\/fotofever-paris-2019-jan-kratochvil-trebic-fotograf-062-705x940.jpg\" alt=\"\" class=\"preview\"\/><\/a><\/div><\/div><div class=\"element masonry  classic4_cols kenburns\"><div class=\"one_fourth gallery4 static filterable gallery_type gallery_image animated33\"><a data-rel=\"photography_gallery_5862\" data-title=\"\" data-desc=\"\" data-thumb=\"https:\/\/jankratochvil.com\/wp-content\/uploads\/2019\/12\/fotofever-paris-2019-jan-kratochvil-trebic-fotograf-059-225x300.jpg\" href=\"https:\/\/jankratochvil.com\/wp-content\/uploads\/2019\/12\/fotofever-paris-2019-jan-kratochvil-trebic-fotograf-059.jpg\"  class=\"fancy-gallery\"><img decoding=\"async\" src=\"https:\/\/jankratochvil.com\/wp-content\/uploads\/2019\/12\/fotofever-paris-2019-jan-kratochvil-trebic-fotograf-059-705x940.jpg\" alt=\"\" class=\"preview\"\/><\/a><\/div><\/div><div class=\"element masonry  classic4_cols kenburns\"><div class=\"one_fourth gallery4 static filterable gallery_type gallery_image animated34\"><a data-rel=\"photography_gallery_5862\" data-title=\"\" data-desc=\"\" data-thumb=\"https:\/\/jankratochvil.com\/wp-content\/uploads\/2019\/12\/fotofever-paris-2019-jan-kratochvil-trebic-fotograf-064-225x300.jpg\" href=\"https:\/\/jankratochvil.com\/wp-content\/uploads\/2019\/12\/fotofever-paris-2019-jan-kratochvil-trebic-fotograf-064.jpg\"  class=\"fancy-gallery\"><img decoding=\"async\" src=\"https:\/\/jankratochvil.com\/wp-content\/uploads\/2019\/12\/fotofever-paris-2019-jan-kratochvil-trebic-fotograf-064-705x940.jpg\" alt=\"\" class=\"preview\"\/><\/a><\/div><\/div><div class=\"element masonry  classic4_cols kenburns\"><div class=\"one_fourth gallery4 static filterable gallery_type gallery_image animated35\"><a data-rel=\"photography_gallery_5862\" data-title=\"\" data-desc=\"\" data-thumb=\"https:\/\/jankratochvil.com\/wp-content\/uploads\/2019\/12\/fotofever-paris-2019-jan-kratochvil-trebic-fotograf-056-225x300.jpg\" href=\"https:\/\/jankratochvil.com\/wp-content\/uploads\/2019\/12\/fotofever-paris-2019-jan-kratochvil-trebic-fotograf-056.jpg\"  class=\"fancy-gallery\"><img decoding=\"async\" src=\"https:\/\/jankratochvil.com\/wp-content\/uploads\/2019\/12\/fotofever-paris-2019-jan-kratochvil-trebic-fotograf-056-705x940.jpg\" alt=\"\" class=\"preview\"\/><\/a><\/div><\/div><div class=\"element masonry  classic4_cols kenburns\"><div class=\"one_fourth gallery4 static filterable gallery_type gallery_image animated36\"><a data-rel=\"photography_gallery_5862\" data-title=\"\" data-desc=\"\" data-thumb=\"https:\/\/jankratochvil.com\/wp-content\/uploads\/2019\/12\/fotofever-paris-2019-jan-kratochvil-trebic-fotograf-055-225x300.jpg\" href=\"https:\/\/jankratochvil.com\/wp-content\/uploads\/2019\/12\/fotofever-paris-2019-jan-kratochvil-trebic-fotograf-055.jpg\"  class=\"fancy-gallery\"><img decoding=\"async\" src=\"https:\/\/jankratochvil.com\/wp-content\/uploads\/2019\/12\/fotofever-paris-2019-jan-kratochvil-trebic-fotograf-055-705x940.jpg\" alt=\"\" class=\"preview\"\/><\/a><\/div><\/div><div class=\"element masonry  classic4_cols kenburns\"><div class=\"one_fourth gallery4 static filterable gallery_type gallery_image animated37\"><a data-rel=\"photography_gallery_5862\" data-title=\"\" data-desc=\"\" data-thumb=\"https:\/\/jankratochvil.com\/wp-content\/uploads\/2019\/12\/fotofever-paris-2019-jan-kratochvil-trebic-fotograf-057-300x225.jpg\" href=\"https:\/\/jankratochvil.com\/wp-content\/uploads\/2019\/12\/fotofever-paris-2019-jan-kratochvil-trebic-fotograf-057.jpg\"  class=\"fancy-gallery\"><img decoding=\"async\" src=\"https:\/\/jankratochvil.com\/wp-content\/uploads\/2019\/12\/fotofever-paris-2019-jan-kratochvil-trebic-fotograf-057-705x529.jpg\" alt=\"\" class=\"preview\"\/><\/a><\/div><\/div><div class=\"element masonry  classic4_cols kenburns\"><div class=\"one_fourth gallery4 static filterable gallery_type gallery_image animated38\"><a data-rel=\"photography_gallery_5862\" data-title=\"\" data-desc=\"\" data-thumb=\"https:\/\/jankratochvil.com\/wp-content\/uploads\/2019\/12\/fotofever-paris-2019-jan-kratochvil-trebic-fotograf-060-225x300.jpg\" href=\"https:\/\/jankratochvil.com\/wp-content\/uploads\/2019\/12\/fotofever-paris-2019-jan-kratochvil-trebic-fotograf-060.jpg\"  class=\"fancy-gallery\"><img decoding=\"async\" src=\"https:\/\/jankratochvil.com\/wp-content\/uploads\/2019\/12\/fotofever-paris-2019-jan-kratochvil-trebic-fotograf-060-705x940.jpg\" alt=\"\" class=\"preview\"\/><\/a><\/div><\/div><div class=\"element masonry  classic4_cols kenburns\"><div class=\"one_fourth gallery4 static filterable gallery_type gallery_image animated39\"><a data-rel=\"photography_gallery_5862\" data-title=\"\" data-desc=\"\" data-thumb=\"https:\/\/jankratochvil.com\/wp-content\/uploads\/2019\/12\/fotofever-paris-2019-jan-kratochvil-trebic-fotograf-061-225x300.jpg\" href=\"https:\/\/jankratochvil.com\/wp-content\/uploads\/2019\/12\/fotofever-paris-2019-jan-kratochvil-trebic-fotograf-061.jpg\"  class=\"fancy-gallery\"><img decoding=\"async\" src=\"https:\/\/jankratochvil.com\/wp-content\/uploads\/2019\/12\/fotofever-paris-2019-jan-kratochvil-trebic-fotograf-061-705x940.jpg\" alt=\"\" class=\"preview\"\/><\/a><\/div><\/div><div class=\"element masonry  classic4_cols kenburns\"><div class=\"one_fourth gallery4 static filterable gallery_type gallery_image animated40\"><a data-rel=\"photography_gallery_5862\" data-title=\"\" data-desc=\"\" data-thumb=\"https:\/\/jankratochvil.com\/wp-content\/uploads\/2019\/12\/fotofever-paris-2019-jan-kratochvil-trebic-fotograf-065-225x300.jpg\" href=\"https:\/\/jankratochvil.com\/wp-content\/uploads\/2019\/12\/fotofever-paris-2019-jan-kratochvil-trebic-fotograf-065.jpg\"  class=\"fancy-gallery\"><img decoding=\"async\" src=\"https:\/\/jankratochvil.com\/wp-content\/uploads\/2019\/12\/fotofever-paris-2019-jan-kratochvil-trebic-fotograf-065-705x940.jpg\" alt=\"\" class=\"preview\"\/><\/a><\/div><\/div><div class=\"element masonry  classic4_cols kenburns\"><div class=\"one_fourth gallery4 static filterable gallery_type gallery_image animated41\"><a data-rel=\"photography_gallery_5862\" data-title=\"\" data-desc=\"\" data-thumb=\"https:\/\/jankratochvil.com\/wp-content\/uploads\/2019\/12\/fotofever-paris-2019-jan-kratochvil-trebic-fotograf-066-300x225.jpg\" href=\"https:\/\/jankratochvil.com\/wp-content\/uploads\/2019\/12\/fotofever-paris-2019-jan-kratochvil-trebic-fotograf-066.jpg\"  class=\"fancy-gallery\"><img decoding=\"async\" src=\"https:\/\/jankratochvil.com\/wp-content\/uploads\/2019\/12\/fotofever-paris-2019-jan-kratochvil-trebic-fotograf-066-705x529.jpg\" alt=\"\" class=\"preview\"\/><\/a><\/div><\/div><div class=\"element masonry  classic4_cols kenburns\"><div class=\"one_fourth gallery4 static filterable gallery_type gallery_image animated42\"><a data-rel=\"photography_gallery_5862\" data-title=\"\" data-desc=\"\" data-thumb=\"https:\/\/jankratochvil.com\/wp-content\/uploads\/2019\/12\/fotofever-paris-2019-jan-kratochvil-trebic-fotograf-075-225x300.jpg\" href=\"https:\/\/jankratochvil.com\/wp-content\/uploads\/2019\/12\/fotofever-paris-2019-jan-kratochvil-trebic-fotograf-075.jpg\"  class=\"fancy-gallery\"><img decoding=\"async\" src=\"https:\/\/jankratochvil.com\/wp-content\/uploads\/2019\/12\/fotofever-paris-2019-jan-kratochvil-trebic-fotograf-075-705x940.jpg\" alt=\"\" class=\"preview\"\/><\/a><\/div><\/div><div class=\"element masonry  classic4_cols kenburns\"><div class=\"one_fourth gallery4 static filterable gallery_type gallery_image animated43\"><a data-rel=\"photography_gallery_5862\" data-title=\"\" data-desc=\"\" data-thumb=\"https:\/\/jankratochvil.com\/wp-content\/uploads\/2019\/12\/fotofever-paris-2019-jan-kratochvil-trebic-fotograf-070-300x225.jpg\" href=\"https:\/\/jankratochvil.com\/wp-content\/uploads\/2019\/12\/fotofever-paris-2019-jan-kratochvil-trebic-fotograf-070.jpg\"  class=\"fancy-gallery\"><img decoding=\"async\" src=\"https:\/\/jankratochvil.com\/wp-content\/uploads\/2019\/12\/fotofever-paris-2019-jan-kratochvil-trebic-fotograf-070-705x529.jpg\" alt=\"\" class=\"preview\"\/><\/a><\/div><\/div><div class=\"element masonry  classic4_cols kenburns\"><div class=\"one_fourth gallery4 static filterable gallery_type gallery_image animated44\"><a data-rel=\"photography_gallery_5862\" data-title=\"\" data-desc=\"\" data-thumb=\"https:\/\/jankratochvil.com\/wp-content\/uploads\/2019\/12\/fotofever-paris-2019-jan-kratochvil-trebic-fotograf-073-300x225.jpg\" href=\"https:\/\/jankratochvil.com\/wp-content\/uploads\/2019\/12\/fotofever-paris-2019-jan-kratochvil-trebic-fotograf-073.jpg\"  class=\"fancy-gallery\"><img decoding=\"async\" src=\"https:\/\/jankratochvil.com\/wp-content\/uploads\/2019\/12\/fotofever-paris-2019-jan-kratochvil-trebic-fotograf-073-705x529.jpg\" alt=\"\" class=\"preview\"\/><\/a><\/div><\/div><div class=\"element masonry  classic4_cols kenburns\"><div class=\"one_fourth gallery4 static filterable gallery_type gallery_image animated45\"><a data-rel=\"photography_gallery_5862\" data-title=\"\" data-desc=\"\" data-thumb=\"https:\/\/jankratochvil.com\/wp-content\/uploads\/2019\/12\/fotofever-paris-2019-jan-kratochvil-trebic-fotograf-071-225x300.jpg\" href=\"https:\/\/jankratochvil.com\/wp-content\/uploads\/2019\/12\/fotofever-paris-2019-jan-kratochvil-trebic-fotograf-071.jpg\"  class=\"fancy-gallery\"><img decoding=\"async\" src=\"https:\/\/jankratochvil.com\/wp-content\/uploads\/2019\/12\/fotofever-paris-2019-jan-kratochvil-trebic-fotograf-071-705x940.jpg\" alt=\"\" class=\"preview\"\/><\/a><\/div><\/div><div class=\"element masonry  classic4_cols kenburns\"><div class=\"one_fourth gallery4 static filterable gallery_type gallery_image animated46\"><a data-rel=\"photography_gallery_5862\" data-title=\"\" data-desc=\"\" data-thumb=\"https:\/\/jankratochvil.com\/wp-content\/uploads\/2019\/12\/fotofever-paris-2019-jan-kratochvil-trebic-fotograf-067-225x300.jpg\" href=\"https:\/\/jankratochvil.com\/wp-content\/uploads\/2019\/12\/fotofever-paris-2019-jan-kratochvil-trebic-fotograf-067.jpg\"  class=\"fancy-gallery\"><img decoding=\"async\" src=\"https:\/\/jankratochvil.com\/wp-content\/uploads\/2019\/12\/fotofever-paris-2019-jan-kratochvil-trebic-fotograf-067-705x940.jpg\" alt=\"\" class=\"preview\"\/><\/a><\/div><\/div><div class=\"element masonry  classic4_cols kenburns\"><div class=\"one_fourth gallery4 static filterable gallery_type gallery_image animated47\"><a data-rel=\"photography_gallery_5862\" data-title=\"\" data-desc=\"\" data-thumb=\"https:\/\/jankratochvil.com\/wp-content\/uploads\/2019\/12\/fotofever-paris-2019-jan-kratochvil-trebic-fotograf-072-300x225.jpg\" href=\"https:\/\/jankratochvil.com\/wp-content\/uploads\/2019\/12\/fotofever-paris-2019-jan-kratochvil-trebic-fotograf-072.jpg\"  class=\"fancy-gallery\"><img decoding=\"async\" src=\"https:\/\/jankratochvil.com\/wp-content\/uploads\/2019\/12\/fotofever-paris-2019-jan-kratochvil-trebic-fotograf-072-705x529.jpg\" alt=\"\" class=\"preview\"\/><\/a><\/div><\/div><div class=\"element masonry  classic4_cols kenburns\"><div class=\"one_fourth gallery4 static filterable gallery_type gallery_image animated48\"><a data-rel=\"photography_gallery_5862\" data-title=\"\" data-desc=\"\" data-thumb=\"https:\/\/jankratochvil.com\/wp-content\/uploads\/2019\/12\/fotofever-paris-2019-jan-kratochvil-trebic-fotograf-077-300x225.jpg\" href=\"https:\/\/jankratochvil.com\/wp-content\/uploads\/2019\/12\/fotofever-paris-2019-jan-kratochvil-trebic-fotograf-077.jpg\"  class=\"fancy-gallery\"><img decoding=\"async\" src=\"https:\/\/jankratochvil.com\/wp-content\/uploads\/2019\/12\/fotofever-paris-2019-jan-kratochvil-trebic-fotograf-077-705x529.jpg\" alt=\"\" class=\"preview\"\/><\/a><\/div><\/div><div class=\"element masonry  classic4_cols kenburns\"><div class=\"one_fourth gallery4 static filterable gallery_type gallery_image animated49\"><a data-rel=\"photography_gallery_5862\" data-title=\"\" data-desc=\"\" data-thumb=\"https:\/\/jankratochvil.com\/wp-content\/uploads\/2019\/12\/fotofever-paris-2019-jan-kratochvil-trebic-fotograf-079-225x300.jpg\" href=\"https:\/\/jankratochvil.com\/wp-content\/uploads\/2019\/12\/fotofever-paris-2019-jan-kratochvil-trebic-fotograf-079.jpg\"  class=\"fancy-gallery\"><img decoding=\"async\" src=\"https:\/\/jankratochvil.com\/wp-content\/uploads\/2019\/12\/fotofever-paris-2019-jan-kratochvil-trebic-fotograf-079-705x940.jpg\" alt=\"\" class=\"preview\"\/><\/a><\/div><\/div><div class=\"element masonry  classic4_cols kenburns\"><div class=\"one_fourth gallery4 static filterable gallery_type gallery_image animated50\"><a data-rel=\"photography_gallery_5862\" data-title=\"\" data-desc=\"\" data-thumb=\"https:\/\/jankratochvil.com\/wp-content\/uploads\/2019\/12\/fotofever-paris-2019-jan-kratochvil-trebic-fotograf-087-300x225.jpg\" href=\"https:\/\/jankratochvil.com\/wp-content\/uploads\/2019\/12\/fotofever-paris-2019-jan-kratochvil-trebic-fotograf-087.jpg\"  class=\"fancy-gallery\"><img decoding=\"async\" src=\"https:\/\/jankratochvil.com\/wp-content\/uploads\/2019\/12\/fotofever-paris-2019-jan-kratochvil-trebic-fotograf-087-705x529.jpg\" alt=\"\" class=\"preview\"\/><\/a><\/div><\/div><div class=\"element masonry  classic4_cols kenburns\"><div class=\"one_fourth gallery4 static filterable gallery_type gallery_image animated51\"><a data-rel=\"photography_gallery_5862\" data-title=\"\" data-desc=\"\" data-thumb=\"https:\/\/jankratochvil.com\/wp-content\/uploads\/2019\/12\/fotofever-paris-2019-jan-kratochvil-trebic-fotograf-096-300x225.jpg\" href=\"https:\/\/jankratochvil.com\/wp-content\/uploads\/2019\/12\/fotofever-paris-2019-jan-kratochvil-trebic-fotograf-096.jpg\"  class=\"fancy-gallery\"><img decoding=\"async\" src=\"https:\/\/jankratochvil.com\/wp-content\/uploads\/2019\/12\/fotofever-paris-2019-jan-kratochvil-trebic-fotograf-096-705x529.jpg\" alt=\"\" class=\"preview\"\/><\/a><\/div><\/div><div class=\"element masonry  classic4_cols kenburns\"><div class=\"one_fourth gallery4 static filterable gallery_type gallery_image animated52\"><a data-rel=\"photography_gallery_5862\" data-title=\"\" data-desc=\"\" data-thumb=\"https:\/\/jankratochvil.com\/wp-content\/uploads\/2019\/12\/fotofever-paris-2019-jan-kratochvil-trebic-fotograf-081-225x300.jpg\" href=\"https:\/\/jankratochvil.com\/wp-content\/uploads\/2019\/12\/fotofever-paris-2019-jan-kratochvil-trebic-fotograf-081.jpg\"  class=\"fancy-gallery\"><img decoding=\"async\" src=\"https:\/\/jankratochvil.com\/wp-content\/uploads\/2019\/12\/fotofever-paris-2019-jan-kratochvil-trebic-fotograf-081-705x940.jpg\" alt=\"\" class=\"preview\"\/><\/a><\/div><\/div><div class=\"element masonry  classic4_cols kenburns\"><div class=\"one_fourth gallery4 static filterable gallery_type gallery_image animated53\"><a data-rel=\"photography_gallery_5862\" data-title=\"\" data-desc=\"\" data-thumb=\"https:\/\/jankratochvil.com\/wp-content\/uploads\/2019\/12\/fotofever-paris-2019-jan-kratochvil-trebic-fotograf-082-225x300.jpg\" href=\"https:\/\/jankratochvil.com\/wp-content\/uploads\/2019\/12\/fotofever-paris-2019-jan-kratochvil-trebic-fotograf-082.jpg\"  class=\"fancy-gallery\"><img decoding=\"async\" src=\"https:\/\/jankratochvil.com\/wp-content\/uploads\/2019\/12\/fotofever-paris-2019-jan-kratochvil-trebic-fotograf-082-705x940.jpg\" alt=\"\" class=\"preview\"\/><\/a><\/div><\/div><div class=\"element masonry  classic4_cols kenburns\"><div class=\"one_fourth gallery4 static filterable gallery_type gallery_image animated54\"><a data-rel=\"photography_gallery_5862\" data-title=\"\" data-desc=\"\" data-thumb=\"https:\/\/jankratochvil.com\/wp-content\/uploads\/2019\/12\/fotofever-paris-2019-jan-kratochvil-trebic-fotograf-089-300x225.jpg\" href=\"https:\/\/jankratochvil.com\/wp-content\/uploads\/2019\/12\/fotofever-paris-2019-jan-kratochvil-trebic-fotograf-089.jpg\"  class=\"fancy-gallery\"><img decoding=\"async\" src=\"https:\/\/jankratochvil.com\/wp-content\/uploads\/2019\/12\/fotofever-paris-2019-jan-kratochvil-trebic-fotograf-089-705x529.jpg\" alt=\"\" class=\"preview\"\/><\/a><\/div><\/div><div class=\"element masonry  classic4_cols kenburns\"><div class=\"one_fourth gallery4 static filterable gallery_type gallery_image animated55\"><a data-rel=\"photography_gallery_5862\" data-title=\"\" data-desc=\"\" data-thumb=\"https:\/\/jankratochvil.com\/wp-content\/uploads\/2019\/12\/fotofever-paris-2019-jan-kratochvil-trebic-fotograf-080-300x225.jpg\" href=\"https:\/\/jankratochvil.com\/wp-content\/uploads\/2019\/12\/fotofever-paris-2019-jan-kratochvil-trebic-fotograf-080.jpg\"  class=\"fancy-gallery\"><img decoding=\"async\" src=\"https:\/\/jankratochvil.com\/wp-content\/uploads\/2019\/12\/fotofever-paris-2019-jan-kratochvil-trebic-fotograf-080-705x529.jpg\" alt=\"\" class=\"preview\"\/><\/a><\/div><\/div><div class=\"element masonry  classic4_cols kenburns\"><div class=\"one_fourth gallery4 static filterable gallery_type gallery_image animated56\"><a data-rel=\"photography_gallery_5862\" data-title=\"\" data-desc=\"\" data-thumb=\"https:\/\/jankratochvil.com\/wp-content\/uploads\/2019\/12\/fotofever-paris-2019-jan-kratochvil-trebic-fotograf-103-225x300.jpg\" href=\"https:\/\/jankratochvil.com\/wp-content\/uploads\/2019\/12\/fotofever-paris-2019-jan-kratochvil-trebic-fotograf-103.jpg\"  class=\"fancy-gallery\"><img decoding=\"async\" src=\"https:\/\/jankratochvil.com\/wp-content\/uploads\/2019\/12\/fotofever-paris-2019-jan-kratochvil-trebic-fotograf-103-705x940.jpg\" alt=\"\" class=\"preview\"\/><\/a><\/div><\/div><div class=\"element masonry  classic4_cols kenburns\"><div class=\"one_fourth gallery4 static filterable gallery_type gallery_image animated57\"><a data-rel=\"photography_gallery_5862\" data-title=\"\" data-desc=\"\" data-thumb=\"https:\/\/jankratochvil.com\/wp-content\/uploads\/2019\/12\/fotofever-paris-2019-jan-kratochvil-trebic-fotograf-105-225x300.jpg\" href=\"https:\/\/jankratochvil.com\/wp-content\/uploads\/2019\/12\/fotofever-paris-2019-jan-kratochvil-trebic-fotograf-105.jpg\"  class=\"fancy-gallery\"><img decoding=\"async\" src=\"https:\/\/jankratochvil.com\/wp-content\/uploads\/2019\/12\/fotofever-paris-2019-jan-kratochvil-trebic-fotograf-105-705x940.jpg\" alt=\"\" class=\"preview\"\/><\/a><\/div><\/div><div class=\"element masonry  classic4_cols kenburns\"><div class=\"one_fourth gallery4 static filterable gallery_type gallery_image animated58\"><a data-rel=\"photography_gallery_5862\" data-title=\"\" data-desc=\"\" data-thumb=\"https:\/\/jankratochvil.com\/wp-content\/uploads\/2019\/12\/fotofever-paris-2019-jan-kratochvil-trebic-fotograf-090-225x300.jpg\" href=\"https:\/\/jankratochvil.com\/wp-content\/uploads\/2019\/12\/fotofever-paris-2019-jan-kratochvil-trebic-fotograf-090.jpg\"  class=\"fancy-gallery\"><img decoding=\"async\" src=\"https:\/\/jankratochvil.com\/wp-content\/uploads\/2019\/12\/fotofever-paris-2019-jan-kratochvil-trebic-fotograf-090-705x940.jpg\" alt=\"\" class=\"preview\"\/><\/a><\/div><\/div><div class=\"element masonry  classic4_cols kenburns\"><div class=\"one_fourth gallery4 static filterable gallery_type gallery_image animated59\"><a data-rel=\"photography_gallery_5862\" data-title=\"\" data-desc=\"\" data-thumb=\"https:\/\/jankratochvil.com\/wp-content\/uploads\/2019\/12\/fotofever-paris-2019-jan-kratochvil-trebic-fotograf-092-225x300.jpg\" href=\"https:\/\/jankratochvil.com\/wp-content\/uploads\/2019\/12\/fotofever-paris-2019-jan-kratochvil-trebic-fotograf-092.jpg\"  class=\"fancy-gallery\"><img decoding=\"async\" src=\"https:\/\/jankratochvil.com\/wp-content\/uploads\/2019\/12\/fotofever-paris-2019-jan-kratochvil-trebic-fotograf-092-705x940.jpg\" alt=\"\" class=\"preview\"\/><\/a><\/div><\/div><div class=\"element masonry  classic4_cols kenburns\"><div class=\"one_fourth gallery4 static filterable gallery_type gallery_image animated60\"><a data-rel=\"photography_gallery_5862\" data-title=\"\" data-desc=\"\" data-thumb=\"https:\/\/jankratochvil.com\/wp-content\/uploads\/2019\/12\/fotofever-paris-2019-jan-kratochvil-trebic-fotograf-099-300x225.jpg\" href=\"https:\/\/jankratochvil.com\/wp-content\/uploads\/2019\/12\/fotofever-paris-2019-jan-kratochvil-trebic-fotograf-099.jpg\"  class=\"fancy-gallery\"><img decoding=\"async\" src=\"https:\/\/jankratochvil.com\/wp-content\/uploads\/2019\/12\/fotofever-paris-2019-jan-kratochvil-trebic-fotograf-099-705x529.jpg\" alt=\"\" class=\"preview\"\/><\/a><\/div><\/div><div class=\"element masonry  classic4_cols kenburns\"><div class=\"one_fourth gallery4 static filterable gallery_type gallery_image animated61\"><a data-rel=\"photography_gallery_5862\" data-title=\"\" data-desc=\"\" data-thumb=\"https:\/\/jankratochvil.com\/wp-content\/uploads\/2019\/12\/fotofever-paris-2019-jan-kratochvil-trebic-fotograf-100-225x300.jpg\" href=\"https:\/\/jankratochvil.com\/wp-content\/uploads\/2019\/12\/fotofever-paris-2019-jan-kratochvil-trebic-fotograf-100.jpg\"  class=\"fancy-gallery\"><img decoding=\"async\" src=\"https:\/\/jankratochvil.com\/wp-content\/uploads\/2019\/12\/fotofever-paris-2019-jan-kratochvil-trebic-fotograf-100-705x940.jpg\" alt=\"\" class=\"preview\"\/><\/a><\/div><\/div><div class=\"element masonry  classic4_cols kenburns\"><div class=\"one_fourth gallery4 static filterable gallery_type gallery_image animated62\"><a data-rel=\"photography_gallery_5862\" data-title=\"\" data-desc=\"\" data-thumb=\"https:\/\/jankratochvil.com\/wp-content\/uploads\/2019\/12\/fotofever-paris-2019-jan-kratochvil-trebic-fotograf-108-225x300.jpg\" href=\"https:\/\/jankratochvil.com\/wp-content\/uploads\/2019\/12\/fotofever-paris-2019-jan-kratochvil-trebic-fotograf-108.jpg\"  class=\"fancy-gallery\"><img decoding=\"async\" src=\"https:\/\/jankratochvil.com\/wp-content\/uploads\/2019\/12\/fotofever-paris-2019-jan-kratochvil-trebic-fotograf-108-705x940.jpg\" alt=\"\" class=\"preview\"\/><\/a><\/div><\/div><div class=\"element masonry  classic4_cols kenburns\"><div class=\"one_fourth gallery4 static filterable gallery_type gallery_image animated63\"><a data-rel=\"photography_gallery_5862\" data-title=\"\" data-desc=\"\" data-thumb=\"https:\/\/jankratochvil.com\/wp-content\/uploads\/2019\/12\/fotofever-paris-2019-jan-kratochvil-trebic-fotograf-085-225x300.jpg\" href=\"https:\/\/jankratochvil.com\/wp-content\/uploads\/2019\/12\/fotofever-paris-2019-jan-kratochvil-trebic-fotograf-085.jpg\"  class=\"fancy-gallery\"><img decoding=\"async\" src=\"https:\/\/jankratochvil.com\/wp-content\/uploads\/2019\/12\/fotofever-paris-2019-jan-kratochvil-trebic-fotograf-085-705x940.jpg\" alt=\"\" class=\"preview\"\/><\/a><\/div><\/div><div class=\"element masonry  classic4_cols kenburns\"><div class=\"one_fourth gallery4 static filterable gallery_type gallery_image animated64\"><a data-rel=\"photography_gallery_5862\" data-title=\"\" data-desc=\"\" data-thumb=\"https:\/\/jankratochvil.com\/wp-content\/uploads\/2019\/12\/fotofever-paris-2019-jan-kratochvil-trebic-fotograf-097-300x225.jpg\" href=\"https:\/\/jankratochvil.com\/wp-content\/uploads\/2019\/12\/fotofever-paris-2019-jan-kratochvil-trebic-fotograf-097.jpg\"  class=\"fancy-gallery\"><img decoding=\"async\" src=\"https:\/\/jankratochvil.com\/wp-content\/uploads\/2019\/12\/fotofever-paris-2019-jan-kratochvil-trebic-fotograf-097-705x529.jpg\" alt=\"\" class=\"preview\"\/><\/a><\/div><\/div><div class=\"element masonry  classic4_cols kenburns\"><div class=\"one_fourth gallery4 static filterable gallery_type gallery_image animated65\"><a data-rel=\"photography_gallery_5862\" data-title=\"\" data-desc=\"\" data-thumb=\"https:\/\/jankratochvil.com\/wp-content\/uploads\/2019\/12\/fotofever-paris-2019-jan-kratochvil-trebic-fotograf-093-225x300.jpg\" href=\"https:\/\/jankratochvil.com\/wp-content\/uploads\/2019\/12\/fotofever-paris-2019-jan-kratochvil-trebic-fotograf-093.jpg\"  class=\"fancy-gallery\"><img decoding=\"async\" src=\"https:\/\/jankratochvil.com\/wp-content\/uploads\/2019\/12\/fotofever-paris-2019-jan-kratochvil-trebic-fotograf-093-705x940.jpg\" alt=\"\" class=\"preview\"\/><\/a><\/div><\/div><div class=\"element masonry  classic4_cols kenburns\"><div class=\"one_fourth gallery4 static filterable gallery_type gallery_image animated66\"><a data-rel=\"photography_gallery_5862\" data-title=\"\" data-desc=\"\" data-thumb=\"https:\/\/jankratochvil.com\/wp-content\/uploads\/2019\/12\/fotofever-paris-2019-jan-kratochvil-trebic-fotograf-118-225x300.jpg\" href=\"https:\/\/jankratochvil.com\/wp-content\/uploads\/2019\/12\/fotofever-paris-2019-jan-kratochvil-trebic-fotograf-118.jpg\"  class=\"fancy-gallery\"><img decoding=\"async\" src=\"https:\/\/jankratochvil.com\/wp-content\/uploads\/2019\/12\/fotofever-paris-2019-jan-kratochvil-trebic-fotograf-118-705x940.jpg\" alt=\"\" class=\"preview\"\/><\/a><\/div><\/div><div class=\"element masonry  classic4_cols kenburns\"><div class=\"one_fourth gallery4 static filterable gallery_type gallery_image animated67\"><a data-rel=\"photography_gallery_5862\" data-title=\"\" data-desc=\"\" data-thumb=\"https:\/\/jankratochvil.com\/wp-content\/uploads\/2019\/12\/fotofever-paris-2019-jan-kratochvil-trebic-fotograf-106-225x300.jpg\" href=\"https:\/\/jankratochvil.com\/wp-content\/uploads\/2019\/12\/fotofever-paris-2019-jan-kratochvil-trebic-fotograf-106.jpg\"  class=\"fancy-gallery\"><img decoding=\"async\" src=\"https:\/\/jankratochvil.com\/wp-content\/uploads\/2019\/12\/fotofever-paris-2019-jan-kratochvil-trebic-fotograf-106-705x940.jpg\" alt=\"\" class=\"preview\"\/><\/a><\/div><\/div><div class=\"element masonry  classic4_cols kenburns\"><div class=\"one_fourth gallery4 static filterable gallery_type gallery_image animated68\"><a data-rel=\"photography_gallery_5862\" data-title=\"\" data-desc=\"\" data-thumb=\"https:\/\/jankratochvil.com\/wp-content\/uploads\/2019\/12\/fotofever-paris-2019-jan-kratochvil-trebic-fotograf-102-225x300.jpg\" href=\"https:\/\/jankratochvil.com\/wp-content\/uploads\/2019\/12\/fotofever-paris-2019-jan-kratochvil-trebic-fotograf-102.jpg\"  class=\"fancy-gallery\"><img decoding=\"async\" src=\"https:\/\/jankratochvil.com\/wp-content\/uploads\/2019\/12\/fotofever-paris-2019-jan-kratochvil-trebic-fotograf-102-705x940.jpg\" alt=\"\" class=\"preview\"\/><\/a><\/div><\/div><div class=\"element masonry  classic4_cols kenburns\"><div class=\"one_fourth gallery4 static filterable gallery_type gallery_image animated69\"><a data-rel=\"photography_gallery_5862\" data-title=\"\" data-desc=\"\" data-thumb=\"https:\/\/jankratochvil.com\/wp-content\/uploads\/2019\/12\/fotofever-paris-2019-jan-kratochvil-trebic-fotograf-095-225x300.jpg\" href=\"https:\/\/jankratochvil.com\/wp-content\/uploads\/2019\/12\/fotofever-paris-2019-jan-kratochvil-trebic-fotograf-095.jpg\"  class=\"fancy-gallery\"><img decoding=\"async\" src=\"https:\/\/jankratochvil.com\/wp-content\/uploads\/2019\/12\/fotofever-paris-2019-jan-kratochvil-trebic-fotograf-095-705x940.jpg\" alt=\"\" class=\"preview\"\/><\/a><\/div><\/div><div class=\"element masonry  classic4_cols kenburns\"><div class=\"one_fourth gallery4 static filterable gallery_type gallery_image animated70\"><a data-rel=\"photography_gallery_5862\" data-title=\"\" data-desc=\"\" data-thumb=\"https:\/\/jankratochvil.com\/wp-content\/uploads\/2019\/12\/fotofever-paris-2019-jan-kratochvil-trebic-fotograf-113-225x300.jpg\" href=\"https:\/\/jankratochvil.com\/wp-content\/uploads\/2019\/12\/fotofever-paris-2019-jan-kratochvil-trebic-fotograf-113.jpg\"  class=\"fancy-gallery\"><img decoding=\"async\" src=\"https:\/\/jankratochvil.com\/wp-content\/uploads\/2019\/12\/fotofever-paris-2019-jan-kratochvil-trebic-fotograf-113-705x940.jpg\" alt=\"\" class=\"preview\"\/><\/a><\/div><\/div><div class=\"element masonry  classic4_cols kenburns\"><div class=\"one_fourth gallery4 static filterable gallery_type gallery_image animated71\"><a data-rel=\"photography_gallery_5862\" data-title=\"\" data-desc=\"\" data-thumb=\"https:\/\/jankratochvil.com\/wp-content\/uploads\/2019\/12\/fotofever-paris-2019-jan-kratochvil-trebic-fotograf-132-225x300.jpg\" href=\"https:\/\/jankratochvil.com\/wp-content\/uploads\/2019\/12\/fotofever-paris-2019-jan-kratochvil-trebic-fotograf-132.jpg\"  class=\"fancy-gallery\"><img decoding=\"async\" src=\"https:\/\/jankratochvil.com\/wp-content\/uploads\/2019\/12\/fotofever-paris-2019-jan-kratochvil-trebic-fotograf-132-705x940.jpg\" alt=\"\" class=\"preview\"\/><\/a><\/div><\/div><div class=\"element masonry  classic4_cols kenburns\"><div class=\"one_fourth gallery4 static filterable gallery_type gallery_image animated72\"><a data-rel=\"photography_gallery_5862\" data-title=\"\" data-desc=\"\" data-thumb=\"https:\/\/jankratochvil.com\/wp-content\/uploads\/2019\/12\/fotofever-paris-2019-jan-kratochvil-trebic-fotograf-124-300x225.jpg\" href=\"https:\/\/jankratochvil.com\/wp-content\/uploads\/2019\/12\/fotofever-paris-2019-jan-kratochvil-trebic-fotograf-124.jpg\"  class=\"fancy-gallery\"><img decoding=\"async\" src=\"https:\/\/jankratochvil.com\/wp-content\/uploads\/2019\/12\/fotofever-paris-2019-jan-kratochvil-trebic-fotograf-124-705x529.jpg\" alt=\"fotofever 2019 Paris\" class=\"preview\"\/><\/a><\/div><\/div><div class=\"element masonry  classic4_cols kenburns\"><div class=\"one_fourth gallery4 static filterable gallery_type gallery_image animated73\"><a data-rel=\"photography_gallery_5862\" data-title=\"\" data-desc=\"\" data-thumb=\"https:\/\/jankratochvil.com\/wp-content\/uploads\/2019\/12\/fotofever-paris-2019-jan-kratochvil-trebic-fotograf-130-300x225.jpg\" href=\"https:\/\/jankratochvil.com\/wp-content\/uploads\/2019\/12\/fotofever-paris-2019-jan-kratochvil-trebic-fotograf-130.jpg\"  class=\"fancy-gallery\"><img decoding=\"async\" src=\"https:\/\/jankratochvil.com\/wp-content\/uploads\/2019\/12\/fotofever-paris-2019-jan-kratochvil-trebic-fotograf-130-705x529.jpg\" alt=\"\" class=\"preview\"\/><\/a><\/div><\/div><div class=\"element masonry  classic4_cols kenburns\"><div class=\"one_fourth gallery4 static filterable gallery_type gallery_image animated74\"><a data-rel=\"photography_gallery_5862\" data-title=\"\" data-desc=\"\" data-thumb=\"https:\/\/jankratochvil.com\/wp-content\/uploads\/2019\/12\/fotofever-paris-2019-jan-kratochvil-trebic-fotograf-112-225x300.jpg\" href=\"https:\/\/jankratochvil.com\/wp-content\/uploads\/2019\/12\/fotofever-paris-2019-jan-kratochvil-trebic-fotograf-112.jpg\"  class=\"fancy-gallery\"><img decoding=\"async\" src=\"https:\/\/jankratochvil.com\/wp-content\/uploads\/2019\/12\/fotofever-paris-2019-jan-kratochvil-trebic-fotograf-112-705x940.jpg\" alt=\"\" class=\"preview\"\/><\/a><\/div><\/div><div class=\"element masonry  classic4_cols kenburns\"><div class=\"one_fourth gallery4 static filterable gallery_type gallery_image animated75\"><a data-rel=\"photography_gallery_5862\" data-title=\"\" data-desc=\"\" data-thumb=\"https:\/\/jankratochvil.com\/wp-content\/uploads\/2019\/12\/fotofever-paris-2019-jan-kratochvil-trebic-fotograf-138-225x300.jpg\" href=\"https:\/\/jankratochvil.com\/wp-content\/uploads\/2019\/12\/fotofever-paris-2019-jan-kratochvil-trebic-fotograf-138.jpg\"  class=\"fancy-gallery\"><img decoding=\"async\" src=\"https:\/\/jankratochvil.com\/wp-content\/uploads\/2019\/12\/fotofever-paris-2019-jan-kratochvil-trebic-fotograf-138-705x940.jpg\" alt=\"\" class=\"preview\"\/><\/a><\/div><\/div><div class=\"element masonry  classic4_cols kenburns\"><div class=\"one_fourth gallery4 static filterable gallery_type gallery_image animated76\"><a data-rel=\"photography_gallery_5862\" data-title=\"\" data-desc=\"\" data-thumb=\"https:\/\/jankratochvil.com\/wp-content\/uploads\/2019\/12\/fotofever-paris-2019-jan-kratochvil-trebic-fotograf-136-225x300.jpg\" href=\"https:\/\/jankratochvil.com\/wp-content\/uploads\/2019\/12\/fotofever-paris-2019-jan-kratochvil-trebic-fotograf-136.jpg\"  class=\"fancy-gallery\"><img decoding=\"async\" src=\"https:\/\/jankratochvil.com\/wp-content\/uploads\/2019\/12\/fotofever-paris-2019-jan-kratochvil-trebic-fotograf-136-705x940.jpg\" alt=\"\" class=\"preview\"\/><\/a><\/div><\/div><div class=\"element masonry  classic4_cols kenburns\"><div class=\"one_fourth gallery4 static filterable gallery_type gallery_image animated77\"><a data-rel=\"photography_gallery_5862\" data-title=\"\" data-desc=\"\" data-thumb=\"https:\/\/jankratochvil.com\/wp-content\/uploads\/2019\/12\/fotofever-paris-2019-jan-kratochvil-trebic-fotograf-125-225x300.jpg\" href=\"https:\/\/jankratochvil.com\/wp-content\/uploads\/2019\/12\/fotofever-paris-2019-jan-kratochvil-trebic-fotograf-125.jpg\"  class=\"fancy-gallery\"><img decoding=\"async\" src=\"https:\/\/jankratochvil.com\/wp-content\/uploads\/2019\/12\/fotofever-paris-2019-jan-kratochvil-trebic-fotograf-125-705x940.jpg\" alt=\"\" class=\"preview\"\/><\/a><\/div><\/div><div class=\"element masonry  classic4_cols kenburns\"><div class=\"one_fourth gallery4 static filterable gallery_type gallery_image animated78\"><a data-rel=\"photography_gallery_5862\" data-title=\"\" data-desc=\"\" data-thumb=\"https:\/\/jankratochvil.com\/wp-content\/uploads\/2019\/12\/fotofever-paris-2019-jan-kratochvil-trebic-fotograf-134-225x300.jpg\" href=\"https:\/\/jankratochvil.com\/wp-content\/uploads\/2019\/12\/fotofever-paris-2019-jan-kratochvil-trebic-fotograf-134.jpg\"  class=\"fancy-gallery\"><img decoding=\"async\" src=\"https:\/\/jankratochvil.com\/wp-content\/uploads\/2019\/12\/fotofever-paris-2019-jan-kratochvil-trebic-fotograf-134-705x940.jpg\" alt=\"\" class=\"preview\"\/><\/a><\/div><\/div><div class=\"element masonry  classic4_cols kenburns\"><div class=\"one_fourth gallery4 static filterable gallery_type gallery_image animated79\"><a data-rel=\"photography_gallery_5862\" data-title=\"\" data-desc=\"\" data-thumb=\"https:\/\/jankratochvil.com\/wp-content\/uploads\/2019\/12\/fotofever-paris-2019-jan-kratochvil-trebic-fotograf-135-225x300.jpg\" href=\"https:\/\/jankratochvil.com\/wp-content\/uploads\/2019\/12\/fotofever-paris-2019-jan-kratochvil-trebic-fotograf-135.jpg\"  class=\"fancy-gallery\"><img decoding=\"async\" src=\"https:\/\/jankratochvil.com\/wp-content\/uploads\/2019\/12\/fotofever-paris-2019-jan-kratochvil-trebic-fotograf-135-705x940.jpg\" alt=\"\" class=\"preview\"\/><\/a><\/div><\/div><div class=\"element masonry  classic4_cols kenburns\"><div class=\"one_fourth gallery4 static filterable gallery_type gallery_image animated80\"><a data-rel=\"photography_gallery_5862\" data-title=\"\" data-desc=\"\" data-thumb=\"https:\/\/jankratochvil.com\/wp-content\/uploads\/2019\/12\/fotofever-paris-2019-jan-kratochvil-trebic-fotograf-117-300x225.jpg\" href=\"https:\/\/jankratochvil.com\/wp-content\/uploads\/2019\/12\/fotofever-paris-2019-jan-kratochvil-trebic-fotograf-117.jpg\"  class=\"fancy-gallery\"><img decoding=\"async\" src=\"https:\/\/jankratochvil.com\/wp-content\/uploads\/2019\/12\/fotofever-paris-2019-jan-kratochvil-trebic-fotograf-117-705x529.jpg\" alt=\"\" class=\"preview\"\/><\/a><\/div><\/div><div class=\"element masonry  classic4_cols kenburns\"><div class=\"one_fourth gallery4 static filterable gallery_type gallery_image animated81\"><a data-rel=\"photography_gallery_5862\" data-title=\"\" data-desc=\"\" data-thumb=\"https:\/\/jankratochvil.com\/wp-content\/uploads\/2019\/12\/fotofever-paris-2019-jan-kratochvil-trebic-fotograf-133-300x225.jpg\" href=\"https:\/\/jankratochvil.com\/wp-content\/uploads\/2019\/12\/fotofever-paris-2019-jan-kratochvil-trebic-fotograf-133.jpg\"  class=\"fancy-gallery\"><img decoding=\"async\" src=\"https:\/\/jankratochvil.com\/wp-content\/uploads\/2019\/12\/fotofever-paris-2019-jan-kratochvil-trebic-fotograf-133-705x529.jpg\" alt=\"fotofever 2019 Paris\" class=\"preview\"\/><\/a><\/div><\/div><div class=\"element masonry  classic4_cols kenburns\"><div class=\"one_fourth gallery4 static filterable gallery_type gallery_image animated82\"><a data-rel=\"photography_gallery_5862\" data-title=\"\" data-desc=\"\" data-thumb=\"https:\/\/jankratochvil.com\/wp-content\/uploads\/2019\/12\/fotofever-paris-2019-jan-kratochvil-trebic-fotograf-123-225x300.jpg\" href=\"https:\/\/jankratochvil.com\/wp-content\/uploads\/2019\/12\/fotofever-paris-2019-jan-kratochvil-trebic-fotograf-123.jpg\"  class=\"fancy-gallery\"><img decoding=\"async\" src=\"https:\/\/jankratochvil.com\/wp-content\/uploads\/2019\/12\/fotofever-paris-2019-jan-kratochvil-trebic-fotograf-123-705x940.jpg\" alt=\"\" class=\"preview\"\/><\/a><\/div><\/div><div class=\"element masonry  classic4_cols kenburns\"><div class=\"one_fourth gallery4 static filterable gallery_type gallery_image animated83\"><a data-rel=\"photography_gallery_5862\" data-title=\"\" data-desc=\"\" data-thumb=\"https:\/\/jankratochvil.com\/wp-content\/uploads\/2019\/12\/fotofever-paris-2019-jan-kratochvil-trebic-fotograf-120-300x225.jpg\" href=\"https:\/\/jankratochvil.com\/wp-content\/uploads\/2019\/12\/fotofever-paris-2019-jan-kratochvil-trebic-fotograf-120.jpg\"  class=\"fancy-gallery\"><img decoding=\"async\" src=\"https:\/\/jankratochvil.com\/wp-content\/uploads\/2019\/12\/fotofever-paris-2019-jan-kratochvil-trebic-fotograf-120-705x529.jpg\" alt=\"\" class=\"preview\"\/><\/a><\/div><\/div><div class=\"element masonry  classic4_cols kenburns\"><div class=\"one_fourth gallery4 static filterable gallery_type gallery_image animated84\"><a data-rel=\"photography_gallery_5862\" data-title=\"\" data-desc=\"\" data-thumb=\"https:\/\/jankratochvil.com\/wp-content\/uploads\/2019\/12\/fotofever-paris-2019-jan-kratochvil-trebic-fotograf-139-225x300.jpg\" href=\"https:\/\/jankratochvil.com\/wp-content\/uploads\/2019\/12\/fotofever-paris-2019-jan-kratochvil-trebic-fotograf-139.jpg\"  class=\"fancy-gallery\"><img decoding=\"async\" src=\"https:\/\/jankratochvil.com\/wp-content\/uploads\/2019\/12\/fotofever-paris-2019-jan-kratochvil-trebic-fotograf-139-705x940.jpg\" alt=\"fotofever 2019 Paris\" class=\"preview\"\/><\/a><\/div><\/div><div class=\"element masonry  classic4_cols kenburns\"><div class=\"one_fourth gallery4 static filterable gallery_type gallery_image animated85\"><a data-rel=\"photography_gallery_5862\" data-title=\"\" data-desc=\"\" data-thumb=\"https:\/\/jankratochvil.com\/wp-content\/uploads\/2019\/12\/fotofever-paris-2019-jan-kratochvil-trebic-fotograf-121-225x300.jpg\" href=\"https:\/\/jankratochvil.com\/wp-content\/uploads\/2019\/12\/fotofever-paris-2019-jan-kratochvil-trebic-fotograf-121.jpg\"  class=\"fancy-gallery\"><img decoding=\"async\" src=\"https:\/\/jankratochvil.com\/wp-content\/uploads\/2019\/12\/fotofever-paris-2019-jan-kratochvil-trebic-fotograf-121-705x940.jpg\" alt=\"\" class=\"preview\"\/><\/a><\/div><\/div><div class=\"element masonry  classic4_cols kenburns\"><div class=\"one_fourth gallery4 static filterable gallery_type gallery_image animated86\"><a data-rel=\"photography_gallery_5862\" data-title=\"\" data-desc=\"\" data-thumb=\"https:\/\/jankratochvil.com\/wp-content\/uploads\/2019\/12\/fotofever-paris-2019-jan-kratochvil-trebic-fotograf-110-225x300.jpg\" href=\"https:\/\/jankratochvil.com\/wp-content\/uploads\/2019\/12\/fotofever-paris-2019-jan-kratochvil-trebic-fotograf-110.jpg\"  class=\"fancy-gallery\"><img decoding=\"async\" src=\"https:\/\/jankratochvil.com\/wp-content\/uploads\/2019\/12\/fotofever-paris-2019-jan-kratochvil-trebic-fotograf-110-705x940.jpg\" alt=\"\" class=\"preview\"\/><\/a><\/div><\/div><div class=\"element masonry  classic4_cols kenburns\"><div class=\"one_fourth gallery4 static filterable gallery_type gallery_image animated87\"><a data-rel=\"photography_gallery_5862\" data-title=\"\" data-desc=\"\" data-thumb=\"https:\/\/jankratochvil.com\/wp-content\/uploads\/2019\/12\/fotofever-paris-2019-jan-kratochvil-trebic-fotograf-111-225x300.jpg\" href=\"https:\/\/jankratochvil.com\/wp-content\/uploads\/2019\/12\/fotofever-paris-2019-jan-kratochvil-trebic-fotograf-111.jpg\"  class=\"fancy-gallery\"><img decoding=\"async\" src=\"https:\/\/jankratochvil.com\/wp-content\/uploads\/2019\/12\/fotofever-paris-2019-jan-kratochvil-trebic-fotograf-111-705x940.jpg\" alt=\"\" class=\"preview\"\/><\/a><\/div><\/div><div class=\"element masonry  classic4_cols kenburns\"><div class=\"one_fourth gallery4 static filterable gallery_type gallery_image animated88\"><a data-rel=\"photography_gallery_5862\" data-title=\"\" data-desc=\"\" data-thumb=\"https:\/\/jankratochvil.com\/wp-content\/uploads\/2019\/12\/fotofever-paris-2019-jan-kratochvil-trebic-fotograf-127-225x300.jpg\" href=\"https:\/\/jankratochvil.com\/wp-content\/uploads\/2019\/12\/fotofever-paris-2019-jan-kratochvil-trebic-fotograf-127.jpg\"  class=\"fancy-gallery\"><img decoding=\"async\" src=\"https:\/\/jankratochvil.com\/wp-content\/uploads\/2019\/12\/fotofever-paris-2019-jan-kratochvil-trebic-fotograf-127-705x940.jpg\" alt=\"Salvador Dali\" class=\"preview\"\/><\/a><\/div><\/div><\/div><\/div><\/div>\n\t\t\t\t\t\t<\/div>\n\t\t\t\t<\/div>\n\t\t\t\t\t<\/div>\n\t\t<\/div>\n\t\t\t\t\t<\/div>\n\t\t<\/section>\n\t\t\t\t<\/div>\n\t\t","protected":false},"excerpt":{"rendered":"<p>fotofever prezentuje sou\u010dasnou fotografii prost\u0159ednictv\u00edm ka\u017edoro\u010dn\u00edch akce, poskytuje platformu pro povzbuzen\u00ed nov\u00fdch talent\u016f a podporuje radost sb\u011bratel\u016f fotografi\u00ed, podporuje um\u011blce v jejich \u017eivot\u011b. Stoj\u00ed za to nav\u0161t\u00edvit tuto ud\u00e1lost. M\u00e1te zde mo\u017enost z\u00edskat krom prohl\u00eddky zaj\u00edmav\u00e9ho prost\u0159ed\u00ed i pohled na [&hellip;]<\/p>\n","protected":false},"author":1,"featured_media":5865,"comment_status":"closed","ping_status":"closed","sticky":false,"template":"","format":"standard","meta":{"_eb_attr":"","footnotes":""},"categories":[238],"tags":[],"class_list":["post-5915","post","type-post","status-publish","format-standard","has-post-thumbnail","hentry","category-paris"],"_links":{"self":[{"href":"https:\/\/jankratochvil.com\/cs_cz\/wp-json\/wp\/v2\/posts\/5915","targetHints":{"allow":["GET"]}}],"collection":[{"href":"https:\/\/jankratochvil.com\/cs_cz\/wp-json\/wp\/v2\/posts"}],"about":[{"href":"https:\/\/jankratochvil.com\/cs_cz\/wp-json\/wp\/v2\/types\/post"}],"author":[{"embeddable":true,"href":"https:\/\/jankratochvil.com\/cs_cz\/wp-json\/wp\/v2\/users\/1"}],"replies":[{"embeddable":true,"href":"https:\/\/jankratochvil.com\/cs_cz\/wp-json\/wp\/v2\/comments?post=5915"}],"version-history":[{"count":0,"href":"https:\/\/jankratochvil.com\/cs_cz\/wp-json\/wp\/v2\/posts\/5915\/revisions"}],"wp:featuredmedia":[{"embeddable":true,"href":"https:\/\/jankratochvil.com\/cs_cz\/wp-json\/wp\/v2\/media\/5865"}],"wp:attachment":[{"href":"https:\/\/jankratochvil.com\/cs_cz\/wp-json\/wp\/v2\/media?parent=5915"}],"wp:term":[{"taxonomy":"category","embeddable":true,"href":"https:\/\/jankratochvil.com\/cs_cz\/wp-json\/wp\/v2\/categories?post=5915"},{"taxonomy":"post_tag","embeddable":true,"href":"https:\/\/jankratochvil.com\/cs_cz\/wp-json\/wp\/v2\/tags?post=5915"}],"curies":[{"name":"wp","href":"https:\/\/api.w.org\/{rel}","templated":true}]}}