{"id":11267,"date":"2025-05-11T15:44:20","date_gmt":"2025-05-11T15:44:20","guid":{"rendered":"https:\/\/jankratochvil.com\/?p=11267"},"modified":"2025-05-11T15:52:22","modified_gmt":"2025-05-11T15:52:22","slug":"1-maj-1960-trebic","status":"publish","type":"post","link":"https:\/\/jankratochvil.com\/cs_cz\/1-maj-1960-trebic\/","title":{"rendered":"1. m\u00e1j 1960 T\u0159eb\u00ed\u010d"},"content":{"rendered":"<h2>1. m\u00e1j 1960 T\u0159eb\u00ed\u010d<\/h2>\n<div class=\"xdj266r x11i5rnm xat24cr x1mh8g0r x1vvkbs x126k92a\">\n<h3 dir=\"auto\">Psal se 1. m\u00e1j 1960, 15 let od konce v\u00e1lky.<\/h3>\n<div dir=\"auto\">N\u011bco m\u00e9ho archivu z nalezen\u00fdch negativ\u016f. Poda\u0159ilo se mi zachr\u00e1nit jeden vyhozen\u00fd negativ z n\u011bjak\u00e9 poz\u016fstalosti, kter\u00fd jsem prozkoumal a oskenoval. Mysl\u00edm, \u017ee tyto fotografie mo\u017en\u00e1 ani nebyly z negativu v\u016fbec n\u011bkdy vyvol\u00e1ny, tak\u017ee je to asi jejich premi\u00e9ra.<br \/>\nZjistil jsem, \u017ee se zde jedn\u00e1 o prvom\u00e1jov\u00e9 oslavy s velkou pravd\u011bpodobnost\u00ed z roku 1960.<\/div>\n<\/div>\n<div class=\"x11i5rnm xat24cr x1mh8g0r x1vvkbs xtlvy1s x126k92a\">\n<div dir=\"auto\">Fotografie daruji Muzeu Vyso\u010diny T\u0159eb\u00ed\u010d.<\/div>\n<div dir=\"auto\">Skenov\u00e1no v roce 2025.<\/div>\n<div dir=\"auto\"><div class=\"standard_wrapper\"><div id=\"17775017321883208532\" data-gallery-id=\"11271\" data-items=\"0\" data-columns=\"3\" data-type=\"grid\" class=\"portfolio_filter_wrapper infinite_grid portfolio-content content gallery three_cols contain\" data-columns=\"3\"><div class=\"element grid  classic3_cols kenburns\"><div class=\"one_third gallery3 static filterable gallery_type gallery_image animated1\"><a data-rel=\"photography_gallery_11271\" data-title=\"\" data-desc=\"\" data-thumb=\"https:\/\/jankratochvil.com\/wp-content\/uploads\/2025\/05\/prvni-maj-trebic-morava-1960-5-300x192.jpg\" href=\"https:\/\/jankratochvil.com\/wp-content\/uploads\/2025\/05\/prvni-maj-trebic-morava-1960-5.jpg\"  class=\"fancy-gallery\"><img decoding=\"async\" src=\"https:\/\/jankratochvil.com\/wp-content\/uploads\/2025\/05\/prvni-maj-trebic-morava-1960-5-705x529.jpg\" alt=\"1. m\u00e1j 1960 T\u0159eb\u00ed\u010d\" class=\"preview\"\/><\/a><\/div><\/div><div class=\"element grid  classic3_cols kenburns\"><div class=\"one_third gallery3 static filterable gallery_type gallery_image animated2\"><a data-rel=\"photography_gallery_11271\" data-title=\"\" data-desc=\"\" data-thumb=\"https:\/\/jankratochvil.com\/wp-content\/uploads\/2025\/05\/prvni-maj-trebic-morava-1960-6-300x192.jpg\" href=\"https:\/\/jankratochvil.com\/wp-content\/uploads\/2025\/05\/prvni-maj-trebic-morava-1960-6.jpg\"  class=\"fancy-gallery\"><img decoding=\"async\" src=\"https:\/\/jankratochvil.com\/wp-content\/uploads\/2025\/05\/prvni-maj-trebic-morava-1960-6-705x529.jpg\" alt=\"1. m\u00e1j 1960 T\u0159eb\u00ed\u010d\" class=\"preview\"\/><\/a><\/div><\/div><div class=\"element grid  classic3_cols kenburns\"><div class=\"one_third gallery3 static filterable gallery_type gallery_image animated3\"><a data-rel=\"photography_gallery_11271\" data-title=\"\" data-desc=\"\" data-thumb=\"https:\/\/jankratochvil.com\/wp-content\/uploads\/2025\/05\/prvni-maj-trebic-morava-1960-4-300x189.jpg\" href=\"https:\/\/jankratochvil.com\/wp-content\/uploads\/2025\/05\/prvni-maj-trebic-morava-1960-4.jpg\"  class=\"fancy-gallery\"><img decoding=\"async\" src=\"https:\/\/jankratochvil.com\/wp-content\/uploads\/2025\/05\/prvni-maj-trebic-morava-1960-4-705x529.jpg\" alt=\"1. m\u00e1j 1960 T\u0159eb\u00ed\u010d\" class=\"preview\"\/><\/a><\/div><\/div><div class=\"element grid  classic3_cols kenburns\"><div class=\"one_third gallery3 static filterable gallery_type gallery_image animated4\"><a data-rel=\"photography_gallery_11271\" data-title=\"\" data-desc=\"\" data-thumb=\"https:\/\/jankratochvil.com\/wp-content\/uploads\/2025\/05\/prvni-maj-trebic-morava-1960-1-300x189.jpg\" href=\"https:\/\/jankratochvil.com\/wp-content\/uploads\/2025\/05\/prvni-maj-trebic-morava-1960-1.jpg\"  class=\"fancy-gallery\"><img decoding=\"async\" src=\"https:\/\/jankratochvil.com\/wp-content\/uploads\/2025\/05\/prvni-maj-trebic-morava-1960-1-705x529.jpg\" alt=\"\" class=\"preview\"\/><\/a><\/div><\/div><div class=\"element grid  classic3_cols kenburns\"><div class=\"one_third gallery3 static filterable gallery_type gallery_image animated5\"><a data-rel=\"photography_gallery_11271\" data-title=\"\" data-desc=\"\" data-thumb=\"https:\/\/jankratochvil.com\/wp-content\/uploads\/2025\/05\/prvni-maj-trebic-morava-1960-3-300x189.jpg\" href=\"https:\/\/jankratochvil.com\/wp-content\/uploads\/2025\/05\/prvni-maj-trebic-morava-1960-3.jpg\"  class=\"fancy-gallery\"><img decoding=\"async\" src=\"https:\/\/jankratochvil.com\/wp-content\/uploads\/2025\/05\/prvni-maj-trebic-morava-1960-3-705x529.jpg\" alt=\"\" class=\"preview\"\/><\/a><\/div><\/div><div class=\"element grid  classic3_cols kenburns\"><div class=\"one_third gallery3 static filterable gallery_type gallery_image animated6\"><a data-rel=\"photography_gallery_11271\" data-title=\"\" data-desc=\"\" data-thumb=\"https:\/\/jankratochvil.com\/wp-content\/uploads\/2025\/05\/prvni-maj-trebic-morava-1960-21-300x189.jpg\" href=\"https:\/\/jankratochvil.com\/wp-content\/uploads\/2025\/05\/prvni-maj-trebic-morava-1960-21.jpg\"  class=\"fancy-gallery\"><img decoding=\"async\" src=\"https:\/\/jankratochvil.com\/wp-content\/uploads\/2025\/05\/prvni-maj-trebic-morava-1960-21-705x529.jpg\" alt=\"1. m\u00e1j 1960 T\u0159eb\u00ed\u010d\" class=\"preview\"\/><\/a><\/div><\/div><div class=\"element grid  classic3_cols kenburns\"><div class=\"one_third gallery3 static filterable gallery_type gallery_image animated7\"><a data-rel=\"photography_gallery_11271\" data-title=\"\" data-desc=\"\" data-thumb=\"https:\/\/jankratochvil.com\/wp-content\/uploads\/2025\/05\/prvni-maj-trebic-morava-1960-10-300x190.jpg\" href=\"https:\/\/jankratochvil.com\/wp-content\/uploads\/2025\/05\/prvni-maj-trebic-morava-1960-10.jpg\"  class=\"fancy-gallery\"><img decoding=\"async\" src=\"https:\/\/jankratochvil.com\/wp-content\/uploads\/2025\/05\/prvni-maj-trebic-morava-1960-10-705x529.jpg\" alt=\"1. m\u00e1j 1960 T\u0159eb\u00ed\u010d\" class=\"preview\"\/><\/a><\/div><\/div><div class=\"element grid  classic3_cols kenburns\"><div class=\"one_third gallery3 static filterable gallery_type gallery_image animated8\"><a data-rel=\"photography_gallery_11271\" data-title=\"\" data-desc=\"\" data-thumb=\"https:\/\/jankratochvil.com\/wp-content\/uploads\/2025\/05\/prvni-maj-trebic-morava-1960-8-300x197.jpg\" href=\"https:\/\/jankratochvil.com\/wp-content\/uploads\/2025\/05\/prvni-maj-trebic-morava-1960-8.jpg\"  class=\"fancy-gallery\"><img decoding=\"async\" src=\"https:\/\/jankratochvil.com\/wp-content\/uploads\/2025\/05\/prvni-maj-trebic-morava-1960-8-705x529.jpg\" alt=\"1. m\u00e1j 1960 T\u0159eb\u00ed\u010d\" class=\"preview\"\/><\/a><\/div><\/div><div class=\"element grid  classic3_cols kenburns\"><div class=\"one_third gallery3 static filterable gallery_type gallery_image animated9\"><a data-rel=\"photography_gallery_11271\" data-title=\"\" data-desc=\"\" data-thumb=\"https:\/\/jankratochvil.com\/wp-content\/uploads\/2025\/05\/prvni-maj-trebic-morava-1960-9-300x189.jpg\" href=\"https:\/\/jankratochvil.com\/wp-content\/uploads\/2025\/05\/prvni-maj-trebic-morava-1960-9.jpg\"  class=\"fancy-gallery\"><img decoding=\"async\" src=\"https:\/\/jankratochvil.com\/wp-content\/uploads\/2025\/05\/prvni-maj-trebic-morava-1960-9-705x529.jpg\" alt=\"1. m\u00e1j 1960 T\u0159eb\u00ed\u010d\" class=\"preview\"\/><\/a><\/div><\/div><div class=\"element grid  classic3_cols kenburns\"><div class=\"one_third gallery3 static filterable gallery_type gallery_image animated10\"><a data-rel=\"photography_gallery_11271\" data-title=\"\" data-desc=\"\" data-thumb=\"https:\/\/jankratochvil.com\/wp-content\/uploads\/2025\/05\/prvni-maj-trebic-morava-1960-11-300x189.jpg\" href=\"https:\/\/jankratochvil.com\/wp-content\/uploads\/2025\/05\/prvni-maj-trebic-morava-1960-11.jpg\"  class=\"fancy-gallery\"><img decoding=\"async\" src=\"https:\/\/jankratochvil.com\/wp-content\/uploads\/2025\/05\/prvni-maj-trebic-morava-1960-11-705x529.jpg\" alt=\"1. m\u00e1j 1960 T\u0159eb\u00ed\u010d\" class=\"preview\"\/><\/a><\/div><\/div><div class=\"element grid  classic3_cols kenburns\"><div class=\"one_third gallery3 static filterable gallery_type gallery_image animated11\"><a data-rel=\"photography_gallery_11271\" data-title=\"\" data-desc=\"\" data-thumb=\"https:\/\/jankratochvil.com\/wp-content\/uploads\/2025\/05\/prvni-maj-trebic-morava-1960-12-300x192.jpg\" href=\"https:\/\/jankratochvil.com\/wp-content\/uploads\/2025\/05\/prvni-maj-trebic-morava-1960-12.jpg\"  class=\"fancy-gallery\"><img decoding=\"async\" src=\"https:\/\/jankratochvil.com\/wp-content\/uploads\/2025\/05\/prvni-maj-trebic-morava-1960-12-705x529.jpg\" alt=\"1. m\u00e1j 1960 T\u0159eb\u00ed\u010d\" class=\"preview\"\/><\/a><\/div><\/div><div class=\"element grid  classic3_cols kenburns\"><div class=\"one_third gallery3 static filterable gallery_type gallery_image animated12\"><a data-rel=\"photography_gallery_11271\" data-title=\"\" data-desc=\"\" data-thumb=\"https:\/\/jankratochvil.com\/wp-content\/uploads\/2025\/05\/prvni-maj-trebic-morava-1960-13-300x222.jpg\" href=\"https:\/\/jankratochvil.com\/wp-content\/uploads\/2025\/05\/prvni-maj-trebic-morava-1960-13.jpg\"  class=\"fancy-gallery\"><img decoding=\"async\" src=\"https:\/\/jankratochvil.com\/wp-content\/uploads\/2025\/05\/prvni-maj-trebic-morava-1960-13-705x529.jpg\" alt=\"1. m\u00e1j 1960 T\u0159eb\u00ed\u010d\" class=\"preview\"\/><\/a><\/div><\/div><div class=\"element grid  classic3_cols kenburns\"><div class=\"one_third gallery3 static filterable gallery_type gallery_image animated13\"><a data-rel=\"photography_gallery_11271\" data-title=\"\" data-desc=\"\" data-thumb=\"https:\/\/jankratochvil.com\/wp-content\/uploads\/2025\/05\/prvni-maj-trebic-morava-1960-14-300x188.jpg\" href=\"https:\/\/jankratochvil.com\/wp-content\/uploads\/2025\/05\/prvni-maj-trebic-morava-1960-14.jpg\"  class=\"fancy-gallery\"><img decoding=\"async\" src=\"https:\/\/jankratochvil.com\/wp-content\/uploads\/2025\/05\/prvni-maj-trebic-morava-1960-14-705x529.jpg\" alt=\"1. m\u00e1j 1960 T\u0159eb\u00ed\u010d\" class=\"preview\"\/><\/a><\/div><\/div><div class=\"element grid  classic3_cols kenburns\"><div class=\"one_third gallery3 static filterable gallery_type gallery_image animated14\"><a data-rel=\"photography_gallery_11271\" data-title=\"\" data-desc=\"\" data-thumb=\"https:\/\/jankratochvil.com\/wp-content\/uploads\/2025\/05\/prvni-maj-trebic-morava-1960-15-300x189.jpg\" href=\"https:\/\/jankratochvil.com\/wp-content\/uploads\/2025\/05\/prvni-maj-trebic-morava-1960-15.jpg\"  class=\"fancy-gallery\"><img decoding=\"async\" src=\"https:\/\/jankratochvil.com\/wp-content\/uploads\/2025\/05\/prvni-maj-trebic-morava-1960-15-705x529.jpg\" alt=\"1. m\u00e1j 1960 T\u0159eb\u00ed\u010d\" class=\"preview\"\/><\/a><\/div><\/div><div class=\"element grid  classic3_cols kenburns\"><div class=\"one_third gallery3 static filterable gallery_type gallery_image animated15\"><a data-rel=\"photography_gallery_11271\" data-title=\"\" data-desc=\"\" data-thumb=\"https:\/\/jankratochvil.com\/wp-content\/uploads\/2025\/05\/prvni-maj-trebic-morava-1960-16-300x191.jpg\" href=\"https:\/\/jankratochvil.com\/wp-content\/uploads\/2025\/05\/prvni-maj-trebic-morava-1960-16.jpg\"  class=\"fancy-gallery\"><img decoding=\"async\" src=\"https:\/\/jankratochvil.com\/wp-content\/uploads\/2025\/05\/prvni-maj-trebic-morava-1960-16-705x529.jpg\" alt=\"1. m\u00e1j 1960 T\u0159eb\u00ed\u010d\" class=\"preview\"\/><\/a><\/div><\/div><div class=\"element grid  classic3_cols kenburns\"><div class=\"one_third gallery3 static filterable gallery_type gallery_image animated16\"><a data-rel=\"photography_gallery_11271\" data-title=\"\" data-desc=\"\" data-thumb=\"https:\/\/jankratochvil.com\/wp-content\/uploads\/2025\/05\/prvni-maj-trebic-morava-1960-18-300x191.jpg\" href=\"https:\/\/jankratochvil.com\/wp-content\/uploads\/2025\/05\/prvni-maj-trebic-morava-1960-18.jpg\"  class=\"fancy-gallery\"><img decoding=\"async\" src=\"https:\/\/jankratochvil.com\/wp-content\/uploads\/2025\/05\/prvni-maj-trebic-morava-1960-18-705x529.jpg\" alt=\"1. m\u00e1j 1960 T\u0159eb\u00ed\u010d\" class=\"preview\"\/><\/a><\/div><\/div><div class=\"element grid  classic3_cols kenburns\"><div class=\"one_third gallery3 static filterable gallery_type gallery_image animated17\"><a data-rel=\"photography_gallery_11271\" data-title=\"\" data-desc=\"\" data-thumb=\"https:\/\/jankratochvil.com\/wp-content\/uploads\/2025\/05\/prvni-maj-trebic-morava-1960-22-300x191.jpg\" href=\"https:\/\/jankratochvil.com\/wp-content\/uploads\/2025\/05\/prvni-maj-trebic-morava-1960-22.jpg\"  class=\"fancy-gallery\"><img decoding=\"async\" src=\"https:\/\/jankratochvil.com\/wp-content\/uploads\/2025\/05\/prvni-maj-trebic-morava-1960-22-705x529.jpg\" alt=\"1. m\u00e1j 1960 T\u0159eb\u00ed\u010d\" class=\"preview\"\/><\/a><\/div><\/div><div class=\"element grid  classic3_cols kenburns\"><div class=\"one_third gallery3 static filterable gallery_type gallery_image animated18\"><a data-rel=\"photography_gallery_11271\" data-title=\"\" data-desc=\"\" data-thumb=\"https:\/\/jankratochvil.com\/wp-content\/uploads\/2025\/05\/prvni-maj-trebic-morava-1960-20-300x190.jpg\" href=\"https:\/\/jankratochvil.com\/wp-content\/uploads\/2025\/05\/prvni-maj-trebic-morava-1960-20.jpg\"  class=\"fancy-gallery\"><img decoding=\"async\" src=\"https:\/\/jankratochvil.com\/wp-content\/uploads\/2025\/05\/prvni-maj-trebic-morava-1960-20-705x529.jpg\" alt=\"v\" class=\"preview\"\/><\/a><\/div><\/div><div class=\"element grid  classic3_cols kenburns\"><div class=\"one_third gallery3 static filterable gallery_type gallery_image animated19\"><a data-rel=\"photography_gallery_11271\" data-title=\"\" data-desc=\"\" data-thumb=\"https:\/\/jankratochvil.com\/wp-content\/uploads\/2025\/05\/prvni-maj-trebic-morava-1960-19-300x187.jpg\" href=\"https:\/\/jankratochvil.com\/wp-content\/uploads\/2025\/05\/prvni-maj-trebic-morava-1960-19.jpg\"  class=\"fancy-gallery\"><img decoding=\"async\" src=\"https:\/\/jankratochvil.com\/wp-content\/uploads\/2025\/05\/prvni-maj-trebic-morava-1960-19-705x529.jpg\" alt=\"1. m\u00e1j 1960 T\u0159eb\u00ed\u010d\" class=\"preview\"\/><\/a><\/div><\/div><div class=\"element grid  classic3_cols kenburns\"><div class=\"one_third gallery3 static filterable gallery_type gallery_image animated20\"><a data-rel=\"photography_gallery_11271\" data-title=\"\" data-desc=\"\" data-thumb=\"https:\/\/jankratochvil.com\/wp-content\/uploads\/2025\/05\/prvni-maj-trebic-morava-1960-23-300x191.jpg\" href=\"https:\/\/jankratochvil.com\/wp-content\/uploads\/2025\/05\/prvni-maj-trebic-morava-1960-23.jpg\"  class=\"fancy-gallery\"><img decoding=\"async\" src=\"https:\/\/jankratochvil.com\/wp-content\/uploads\/2025\/05\/prvni-maj-trebic-morava-1960-23-705x529.jpg\" alt=\"1. m\u00e1j 1960 T\u0159eb\u00ed\u010d\" class=\"preview\"\/><\/a><\/div><\/div><div class=\"element grid  classic3_cols kenburns\"><div class=\"one_third gallery3 static filterable gallery_type gallery_image animated21\"><a data-rel=\"photography_gallery_11271\" data-title=\"\" data-desc=\"\" data-thumb=\"https:\/\/jankratochvil.com\/wp-content\/uploads\/2025\/05\/prvni-maj-trebic-morava-1960-17-300x219.jpg\" href=\"https:\/\/jankratochvil.com\/wp-content\/uploads\/2025\/05\/prvni-maj-trebic-morava-1960-17.jpg\"  class=\"fancy-gallery\"><img decoding=\"async\" src=\"https:\/\/jankratochvil.com\/wp-content\/uploads\/2025\/05\/prvni-maj-trebic-morava-1960-17-705x529.jpg\" alt=\"1. m\u00e1j 1960 T\u0159eb\u00ed\u010d\" class=\"preview\"\/><\/a><\/div><\/div><\/div><\/div><br class=\"clear\"\/><\/div>\n<\/div>\n","protected":false},"excerpt":{"rendered":"<p>1. m\u00e1j 1960 T\u0159eb\u00ed\u010d<\/p>\n<p>Psal se 1. m\u00e1j 1960, 15 let od konce v\u00e1lky.<\/p>\n","protected":false},"author":2,"featured_media":11278,"comment_status":"closed","ping_status":"closed","sticky":false,"template":"","format":"standard","meta":{"_eb_attr":"","footnotes":""},"categories":[214,177],"tags":[330,329,331],"class_list":["post-11267","post","type-post","status-publish","format-standard","has-post-thumbnail","hentry","category-photography","category-trebic","tag-analog","tag-archive","tag-black-and-white"],"_links":{"self":[{"href":"https:\/\/jankratochvil.com\/cs_cz\/wp-json\/wp\/v2\/posts\/11267","targetHints":{"allow":["GET"]}}],"collection":[{"href":"https:\/\/jankratochvil.com\/cs_cz\/wp-json\/wp\/v2\/posts"}],"about":[{"href":"https:\/\/jankratochvil.com\/cs_cz\/wp-json\/wp\/v2\/types\/post"}],"author":[{"embeddable":true,"href":"https:\/\/jankratochvil.com\/cs_cz\/wp-json\/wp\/v2\/users\/2"}],"replies":[{"embeddable":true,"href":"https:\/\/jankratochvil.com\/cs_cz\/wp-json\/wp\/v2\/comments?post=11267"}],"version-history":[{"count":9,"href":"https:\/\/jankratochvil.com\/cs_cz\/wp-json\/wp\/v2\/posts\/11267\/revisions"}],"predecessor-version":[{"id":11301,"href":"https:\/\/jankratochvil.com\/cs_cz\/wp-json\/wp\/v2\/posts\/11267\/revisions\/11301"}],"wp:featuredmedia":[{"embeddable":true,"href":"https:\/\/jankratochvil.com\/cs_cz\/wp-json\/wp\/v2\/media\/11278"}],"wp:attachment":[{"href":"https:\/\/jankratochvil.com\/cs_cz\/wp-json\/wp\/v2\/media?parent=11267"}],"wp:term":[{"taxonomy":"category","embeddable":true,"href":"https:\/\/jankratochvil.com\/cs_cz\/wp-json\/wp\/v2\/categories?post=11267"},{"taxonomy":"post_tag","embeddable":true,"href":"https:\/\/jankratochvil.com\/cs_cz\/wp-json\/wp\/v2\/tags?post=11267"}],"curies":[{"name":"wp","href":"https:\/\/api.w.org\/{rel}","templated":true}]}}