{"id":10989,"date":"2025-02-28T19:21:59","date_gmt":"2025-02-28T19:21:59","guid":{"rendered":"https:\/\/jankratochvil.com\/?p=10989"},"modified":"2025-02-28T19:35:12","modified_gmt":"2025-02-28T19:35:12","slug":"arnost-benes-jewish-quarter-unesco-trebic","status":"publish","type":"post","link":"https:\/\/jankratochvil.com\/cs_cz\/arnost-benes-jewish-quarter-unesco-trebic\/","title":{"rendered":"Arno\u0161t Bene\u0161 &#8211; rod\u00e1k z m\u011bsta T\u0159eb\u00ed\u010d &#8211; osobnost \u010dlov\u011bka nadan\u00e9ho mnoha talenty"},"content":{"rendered":"<h2>Arno\u0161t Bene\u0161 &#8211; rod\u00e1k z m\u011bsta T\u0159eb\u00ed\u010d &#8211; osobnost \u010dlov\u011bka nadan\u00e9ho mnoha talenty<\/h2>\n<p>Ve voln\u00e9m \u010dase se zaj\u00edm\u00e1m o historii rodn\u00e9 T\u0159eb\u00ed\u010de a \u010dasto proch\u00e1z\u00edm \u017eidovskou \u010dtvr\u0165, kter\u00e1 v sob\u011b skr\u00fdv\u00e1 neuv\u011b\u0159iteln\u00e9 p\u0159\u00edb\u011bhy. Proto jsem se s velk\u00fdm z\u00e1jmem vydal 27.02.2025 do brn\u011bnsk\u00e9ho Mal\u00e9ho Mehrinu na v\u00fdstavu o Arno\u0161tu Bene\u0161ovi, t\u0159eb\u00ed\u010dsk\u00e9m rod\u00e1kovi. A mus\u00edm \u0159\u00edct, \u017ee m\u011b to nadchlo.<\/p>\n<p>Jeho p\u0159\u00edb\u011bh je nejen o um\u011bn\u00ed, ale i o \u017eidovsk\u00e9 komunit\u011b, kter\u00e1 byla ned\u00edlnou sou\u010d\u00e1st\u00ed T\u0159eb\u00ed\u010de a Moravy. Proch\u00e1zet se v\u00fdstavou a vid\u011bt fotografie z jeho \u017eivota, to bylo jako listovat star\u00fdm rodinn\u00fdm albem. V\u011bd\u011bt, \u017ee se to odehr\u00e1valo tady, v na\u0161em m\u011bst\u011b, to je pro m\u011b velmi zaj\u00edmav\u00e9.<\/p>\n<p>V Mal\u00e9m Mehrinu m\u011b tak\u00e9 zaujala instalace rodinn\u00e9ho rodokmenu z t\u00e9 \u010dasti, o kter\u00e9 bylo vypr\u00e1v\u011bn\u00ed. Velmi dob\u0159e to poslou\u017eilo v orientaci.<br \/>\nTy koment\u00e1\u0159e vnuk\u016f, Petra a Ji\u0159\u00edho, byly tak osobn\u00ed, \u017ee jsem m\u011bl pocit, \u017ee se pro to narodili. Jejich poutav\u00e9 vypr\u00e1v\u011bn\u00ed trvalo p\u0159es hodinu a p\u0159ibl\u00ed\u017eilo mi Arno\u0161ta Bene\u0161e jako \u010dlov\u011bka s neuv\u011b\u0159iteln\u00fdm talentem a v\u00e1\u0161n\u00ed pro um\u011bn\u00ed. M\u011bli jsme tak\u00e9 mo\u017enost poslechnout si kr\u00e1tk\u00fd audio z\u00e1znam pan\u00ed Urbanov\u00e9, maminky vnuk\u016f, co\u017e p\u0159idalo dal\u0161\u00ed vrstvu osobn\u00edch vzpom\u00ednek a emoc\u00ed.<\/p>\n<p>Zd\u00e1 se a\u017e neuv\u011b\u0159iteln\u00e9, \u017ee se toho tolik zachovalo po panu Bene\u0161ovi. Hrozn\u011b r\u00e1d filmoval a fotografoval, d\u00edky \u010demu\u017e se zachovalo velk\u00e9 mno\u017estv\u00ed materi\u00e1lu, kter\u00fd je nesm\u00edrn\u011b cenn\u00fd pro n\u00e1s jako pro T\u0159eb\u00ed\u010dany, a to nejen pro n\u011b. A co je skv\u011bl\u00e9, chyst\u00e1 se v\u00fdstava i p\u0159\u00edmo v T\u0159eb\u00ed\u010di, na kterou se moc t\u011b\u0161\u00edm.<br \/>\nPan Bene\u0161 by byl ur\u010dit\u011b moc r\u00e1d a zcela jist\u011b si to zaslou\u017e\u00ed. Je moc smutn\u00e9, \u017ee se pan Bene\u0161 nemohl do\u017e\u00edt vy\u0161\u0161\u00edho v\u011bku a bohu\u017eel zem\u0159el v m\u00edst\u011b, kde skon\u010dily \u017eivoty mnoha tis\u00edc\u016f \u017eidovsk\u00fdch obyvatel. I proto je t\u0159eba si tento p\u0159\u00edb\u011bh p\u0159ipom\u00ednat.<br \/>\nJsem r\u00e1d, \u017ee jsem m\u011bl mo\u017enost poznat p\u0159\u00edb\u011bh Arno\u0161ta Bene\u0161e a doporu\u010duji v\u00e1m, abyste si na v\u00fdstavu za\u0161li taky.<\/p>\n<p>P\u0159ikl\u00e1d\u00e1m i p\u00e1r dokumenta\u010dn\u00edch fotografi\u00ed z t\u00e9to v\u00fdstavy.<\/p>\n<p>Arno\u0161t Bene\u0161 m\u011b inspiroval k tomu, abych se je\u0161t\u011b v\u00edce zaj\u00edmal o historii sv\u00e9ho regionu a o lidi, kte\u0159\u00ed ho tvo\u0159ili.<br \/>\nV\u00fdstava Arno\u0161ta Bene\u0161e v Mal\u00e9m Mehrinu je pro m\u011b jedn\u00edm z nejsiln\u011bj\u0161\u00edch um\u011bleck\u00fdch z\u00e1\u017eitk\u016f tohoto roku a v\u011b\u0159\u00edm, \u017ee to tak z\u016fstane.<\/p>\n<p>Jan Kratochv\u00edl, 28.02.2025<\/p>\n<div class=\"standard_wrapper\"><div id=\"17774899021066235451\" data-gallery-id=\"10962\" data-items=\"0\" data-columns=\"4\" data-type=\"grid\" class=\"portfolio_filter_wrapper infinite_grid portfolio-content content gallery four_cols contain\" data-columns=\"4\"><div class=\"element grid  classic4_cols kenburns\"><div class=\"one_fourth gallery4 static filterable gallery_type gallery_image animated1\"><a data-rel=\"photography_gallery_10962\" data-title=\"\" data-desc=\"\" data-thumb=\"https:\/\/jankratochvil.com\/wp-content\/uploads\/2025\/02\/Arnost-Benes-Fotograf-zidovske-mesto-Trebic-17-225x300.jpg\" href=\"https:\/\/jankratochvil.com\/wp-content\/uploads\/2025\/02\/Arnost-Benes-Fotograf-zidovske-mesto-Trebic-17.jpg\"  class=\"fancy-gallery\"><img decoding=\"async\" src=\"https:\/\/jankratochvil.com\/wp-content\/uploads\/2025\/02\/Arnost-Benes-Fotograf-zidovske-mesto-Trebic-17-705x529.jpg\" alt=\"Arno\u0161t Bene\u0161\" class=\"preview\"\/><\/a><\/div><\/div><div class=\"element grid  classic4_cols kenburns\"><div class=\"one_fourth gallery4 static filterable gallery_type gallery_image animated2\"><a data-rel=\"photography_gallery_10962\" data-title=\"\" data-desc=\"\" data-thumb=\"https:\/\/jankratochvil.com\/wp-content\/uploads\/2025\/02\/Arnost-Benes-Fotograf-zidovske-mesto-Trebic-2-225x300.jpg\" href=\"https:\/\/jankratochvil.com\/wp-content\/uploads\/2025\/02\/Arnost-Benes-Fotograf-zidovske-mesto-Trebic-2.jpg\"  class=\"fancy-gallery\"><img decoding=\"async\" src=\"https:\/\/jankratochvil.com\/wp-content\/uploads\/2025\/02\/Arnost-Benes-Fotograf-zidovske-mesto-Trebic-2-705x529.jpg\" alt=\"\" class=\"preview\"\/><\/a><\/div><\/div><div class=\"element grid  classic4_cols kenburns\"><div class=\"one_fourth gallery4 static filterable gallery_type gallery_image animated3\"><a data-rel=\"photography_gallery_10962\" data-title=\"\" data-desc=\"\" data-thumb=\"https:\/\/jankratochvil.com\/wp-content\/uploads\/2025\/02\/Arnost-Benes-Fotograf-zidovske-mesto-Trebic-14-225x300.jpg\" href=\"https:\/\/jankratochvil.com\/wp-content\/uploads\/2025\/02\/Arnost-Benes-Fotograf-zidovske-mesto-Trebic-14.jpg\"  class=\"fancy-gallery\"><img decoding=\"async\" src=\"https:\/\/jankratochvil.com\/wp-content\/uploads\/2025\/02\/Arnost-Benes-Fotograf-zidovske-mesto-Trebic-14-705x529.jpg\" alt=\"\" class=\"preview\"\/><\/a><\/div><\/div><div class=\"element grid  classic4_cols kenburns\"><div class=\"one_fourth gallery4 static filterable gallery_type gallery_image animated4\"><a data-rel=\"photography_gallery_10962\" data-title=\"\" data-desc=\"\" data-thumb=\"https:\/\/jankratochvil.com\/wp-content\/uploads\/2025\/02\/Arnost-Benes-Fotograf-zidovske-mesto-Trebic-10-225x300.jpg\" href=\"https:\/\/jankratochvil.com\/wp-content\/uploads\/2025\/02\/Arnost-Benes-Fotograf-zidovske-mesto-Trebic-10.jpg\"  class=\"fancy-gallery\"><img decoding=\"async\" src=\"https:\/\/jankratochvil.com\/wp-content\/uploads\/2025\/02\/Arnost-Benes-Fotograf-zidovske-mesto-Trebic-10-705x529.jpg\" alt=\"\" class=\"preview\"\/><\/a><\/div><\/div><div class=\"element grid  classic4_cols kenburns\"><div class=\"one_fourth gallery4 static filterable gallery_type gallery_image animated5\"><a data-rel=\"photography_gallery_10962\" data-title=\"\" data-desc=\"\" data-thumb=\"https:\/\/jankratochvil.com\/wp-content\/uploads\/2025\/02\/Arnost-Benes-Fotograf-zidovske-mesto-Trebic-3-225x300.jpg\" href=\"https:\/\/jankratochvil.com\/wp-content\/uploads\/2025\/02\/Arnost-Benes-Fotograf-zidovske-mesto-Trebic-3.jpg\"  class=\"fancy-gallery\"><img decoding=\"async\" src=\"https:\/\/jankratochvil.com\/wp-content\/uploads\/2025\/02\/Arnost-Benes-Fotograf-zidovske-mesto-Trebic-3-705x529.jpg\" alt=\"\" class=\"preview\"\/><\/a><\/div><\/div><div class=\"element grid  classic4_cols kenburns\"><div class=\"one_fourth gallery4 static filterable gallery_type gallery_image animated6\"><a data-rel=\"photography_gallery_10962\" data-title=\"\" data-desc=\"\" data-thumb=\"https:\/\/jankratochvil.com\/wp-content\/uploads\/2025\/02\/Arnost-Benes-Fotograf-zidovske-mesto-Trebic-4-225x300.jpg\" href=\"https:\/\/jankratochvil.com\/wp-content\/uploads\/2025\/02\/Arnost-Benes-Fotograf-zidovske-mesto-Trebic-4.jpg\"  class=\"fancy-gallery\"><img decoding=\"async\" src=\"https:\/\/jankratochvil.com\/wp-content\/uploads\/2025\/02\/Arnost-Benes-Fotograf-zidovske-mesto-Trebic-4-705x529.jpg\" alt=\"\" class=\"preview\"\/><\/a><\/div><\/div><div class=\"element grid  classic4_cols kenburns\"><div class=\"one_fourth gallery4 static filterable gallery_type gallery_image animated7\"><a data-rel=\"photography_gallery_10962\" data-title=\"\" data-desc=\"\" data-thumb=\"https:\/\/jankratochvil.com\/wp-content\/uploads\/2025\/02\/Arnost-Benes-Fotograf-zidovske-mesto-Trebic-8-300x225.jpg\" href=\"https:\/\/jankratochvil.com\/wp-content\/uploads\/2025\/02\/Arnost-Benes-Fotograf-zidovske-mesto-Trebic-8.jpg\"  class=\"fancy-gallery\"><img decoding=\"async\" src=\"https:\/\/jankratochvil.com\/wp-content\/uploads\/2025\/02\/Arnost-Benes-Fotograf-zidovske-mesto-Trebic-8-705x529.jpg\" alt=\"\" class=\"preview\"\/><\/a><\/div><\/div><div class=\"element grid  classic4_cols kenburns\"><div class=\"one_fourth gallery4 static filterable gallery_type gallery_image animated8\"><a data-rel=\"photography_gallery_10962\" data-title=\"\" data-desc=\"\" data-thumb=\"https:\/\/jankratochvil.com\/wp-content\/uploads\/2025\/02\/Arnost-Benes-Fotograf-zidovske-mesto-Trebic-7-225x300.jpg\" href=\"https:\/\/jankratochvil.com\/wp-content\/uploads\/2025\/02\/Arnost-Benes-Fotograf-zidovske-mesto-Trebic-7.jpg\"  class=\"fancy-gallery\"><img decoding=\"async\" src=\"https:\/\/jankratochvil.com\/wp-content\/uploads\/2025\/02\/Arnost-Benes-Fotograf-zidovske-mesto-Trebic-7-705x529.jpg\" alt=\"\" class=\"preview\"\/><\/a><\/div><\/div><div class=\"element grid  classic4_cols kenburns\"><div class=\"one_fourth gallery4 static filterable gallery_type gallery_image animated9\"><a data-rel=\"photography_gallery_10962\" data-title=\"\" data-desc=\"\" data-thumb=\"https:\/\/jankratochvil.com\/wp-content\/uploads\/2025\/02\/Arnost-Benes-Fotograf-zidovske-mesto-Trebic-9-300x225.jpg\" href=\"https:\/\/jankratochvil.com\/wp-content\/uploads\/2025\/02\/Arnost-Benes-Fotograf-zidovske-mesto-Trebic-9.jpg\"  class=\"fancy-gallery\"><img decoding=\"async\" src=\"https:\/\/jankratochvil.com\/wp-content\/uploads\/2025\/02\/Arnost-Benes-Fotograf-zidovske-mesto-Trebic-9-705x529.jpg\" alt=\"\" class=\"preview\"\/><\/a><\/div><\/div><div class=\"element grid  classic4_cols kenburns\"><div class=\"one_fourth gallery4 static filterable gallery_type gallery_image animated10\"><a data-rel=\"photography_gallery_10962\" data-title=\"\" data-desc=\"\" data-thumb=\"https:\/\/jankratochvil.com\/wp-content\/uploads\/2025\/02\/Arnost-Benes-Fotograf-zidovske-mesto-Trebic-5-300x225.jpg\" href=\"https:\/\/jankratochvil.com\/wp-content\/uploads\/2025\/02\/Arnost-Benes-Fotograf-zidovske-mesto-Trebic-5.jpg\"  class=\"fancy-gallery\"><img decoding=\"async\" src=\"https:\/\/jankratochvil.com\/wp-content\/uploads\/2025\/02\/Arnost-Benes-Fotograf-zidovske-mesto-Trebic-5-705x529.jpg\" alt=\"\" class=\"preview\"\/><\/a><\/div><\/div><div class=\"element grid  classic4_cols kenburns\"><div class=\"one_fourth gallery4 static filterable gallery_type gallery_image animated11\"><a data-rel=\"photography_gallery_10962\" data-title=\"\" data-desc=\"\" data-thumb=\"https:\/\/jankratochvil.com\/wp-content\/uploads\/2025\/02\/Arnost-Benes-Fotograf-zidovske-mesto-Trebic-19-300x225.jpg\" href=\"https:\/\/jankratochvil.com\/wp-content\/uploads\/2025\/02\/Arnost-Benes-Fotograf-zidovske-mesto-Trebic-19.jpg\"  class=\"fancy-gallery\"><img decoding=\"async\" src=\"https:\/\/jankratochvil.com\/wp-content\/uploads\/2025\/02\/Arnost-Benes-Fotograf-zidovske-mesto-Trebic-19-705x529.jpg\" alt=\"\" class=\"preview\"\/><\/a><\/div><\/div><div class=\"element grid  classic4_cols kenburns\"><div class=\"one_fourth gallery4 static filterable gallery_type gallery_image animated12\"><a data-rel=\"photography_gallery_10962\" data-title=\"\" data-desc=\"\" data-thumb=\"https:\/\/jankratochvil.com\/wp-content\/uploads\/2025\/02\/Arnost-Benes-Fotograf-zidovske-mesto-Trebic-21-300x225.jpg\" href=\"https:\/\/jankratochvil.com\/wp-content\/uploads\/2025\/02\/Arnost-Benes-Fotograf-zidovske-mesto-Trebic-21.jpg\"  class=\"fancy-gallery\"><img decoding=\"async\" src=\"https:\/\/jankratochvil.com\/wp-content\/uploads\/2025\/02\/Arnost-Benes-Fotograf-zidovske-mesto-Trebic-21-705x529.jpg\" alt=\"\" class=\"preview\"\/><\/a><\/div><\/div><div class=\"element grid  classic4_cols kenburns\"><div class=\"one_fourth gallery4 static filterable gallery_type gallery_image animated13\"><a data-rel=\"photography_gallery_10962\" data-title=\"\" data-desc=\"\" data-thumb=\"https:\/\/jankratochvil.com\/wp-content\/uploads\/2025\/02\/Arnost-Benes-Fotograf-zidovske-mesto-Trebic-1-225x300.jpg\" href=\"https:\/\/jankratochvil.com\/wp-content\/uploads\/2025\/02\/Arnost-Benes-Fotograf-zidovske-mesto-Trebic-1.jpg\"  class=\"fancy-gallery\"><img decoding=\"async\" src=\"https:\/\/jankratochvil.com\/wp-content\/uploads\/2025\/02\/Arnost-Benes-Fotograf-zidovske-mesto-Trebic-1-705x529.jpg\" alt=\"\" class=\"preview\"\/><\/a><\/div><\/div><div class=\"element grid  classic4_cols kenburns\"><div class=\"one_fourth gallery4 static filterable gallery_type gallery_image animated14\"><a data-rel=\"photography_gallery_10962\" data-title=\"\" data-desc=\"\" data-thumb=\"https:\/\/jankratochvil.com\/wp-content\/uploads\/2025\/02\/Arnost-Benes-Fotograf-zidovske-mesto-Trebic-22-300x225.jpg\" href=\"https:\/\/jankratochvil.com\/wp-content\/uploads\/2025\/02\/Arnost-Benes-Fotograf-zidovske-mesto-Trebic-22.jpg\"  class=\"fancy-gallery\"><img decoding=\"async\" src=\"https:\/\/jankratochvil.com\/wp-content\/uploads\/2025\/02\/Arnost-Benes-Fotograf-zidovske-mesto-Trebic-22-705x529.jpg\" alt=\"\" class=\"preview\"\/><\/a><\/div><\/div><div class=\"element grid  classic4_cols kenburns\"><div class=\"one_fourth gallery4 static filterable gallery_type gallery_image animated15\"><a data-rel=\"photography_gallery_10962\" data-title=\"\" data-desc=\"\" data-thumb=\"https:\/\/jankratochvil.com\/wp-content\/uploads\/2025\/02\/Arnost-Benes-Fotograf-zidovske-mesto-Trebic-12-225x300.jpg\" href=\"https:\/\/jankratochvil.com\/wp-content\/uploads\/2025\/02\/Arnost-Benes-Fotograf-zidovske-mesto-Trebic-12.jpg\"  class=\"fancy-gallery\"><img decoding=\"async\" src=\"https:\/\/jankratochvil.com\/wp-content\/uploads\/2025\/02\/Arnost-Benes-Fotograf-zidovske-mesto-Trebic-12-705x529.jpg\" alt=\"\" class=\"preview\"\/><\/a><\/div><\/div><div class=\"element grid  classic4_cols kenburns\"><div class=\"one_fourth gallery4 static filterable gallery_type gallery_image animated16\"><a data-rel=\"photography_gallery_10962\" data-title=\"\" data-desc=\"\" data-thumb=\"https:\/\/jankratochvil.com\/wp-content\/uploads\/2025\/02\/Arnost-Benes-Fotograf-zidovske-mesto-Trebic-16-225x300.jpg\" href=\"https:\/\/jankratochvil.com\/wp-content\/uploads\/2025\/02\/Arnost-Benes-Fotograf-zidovske-mesto-Trebic-16.jpg\"  class=\"fancy-gallery\"><img decoding=\"async\" src=\"https:\/\/jankratochvil.com\/wp-content\/uploads\/2025\/02\/Arnost-Benes-Fotograf-zidovske-mesto-Trebic-16-705x529.jpg\" alt=\"\" class=\"preview\"\/><\/a><\/div><\/div><div class=\"element grid  classic4_cols kenburns\"><div class=\"one_fourth gallery4 static filterable gallery_type gallery_image animated17\"><a data-rel=\"photography_gallery_10962\" data-title=\"\" data-desc=\"\" data-thumb=\"https:\/\/jankratochvil.com\/wp-content\/uploads\/2025\/02\/Arnost-Benes-Fotograf-zidovske-mesto-Trebic-23-225x300.jpg\" href=\"https:\/\/jankratochvil.com\/wp-content\/uploads\/2025\/02\/Arnost-Benes-Fotograf-zidovske-mesto-Trebic-23.jpg\"  class=\"fancy-gallery\"><img decoding=\"async\" src=\"https:\/\/jankratochvil.com\/wp-content\/uploads\/2025\/02\/Arnost-Benes-Fotograf-zidovske-mesto-Trebic-23-705x529.jpg\" alt=\"\" class=\"preview\"\/><\/a><\/div><\/div><div class=\"element grid  classic4_cols kenburns\"><div class=\"one_fourth gallery4 static filterable gallery_type gallery_image animated18\"><a data-rel=\"photography_gallery_10962\" data-title=\"\" data-desc=\"\" data-thumb=\"https:\/\/jankratochvil.com\/wp-content\/uploads\/2025\/02\/Arnost-Benes-Fotograf-zidovske-mesto-Trebic-20-225x300.jpg\" href=\"https:\/\/jankratochvil.com\/wp-content\/uploads\/2025\/02\/Arnost-Benes-Fotograf-zidovske-mesto-Trebic-20.jpg\"  class=\"fancy-gallery\"><img decoding=\"async\" src=\"https:\/\/jankratochvil.com\/wp-content\/uploads\/2025\/02\/Arnost-Benes-Fotograf-zidovske-mesto-Trebic-20-705x529.jpg\" alt=\"\" class=\"preview\"\/><\/a><\/div><\/div><div class=\"element grid  classic4_cols kenburns\"><div class=\"one_fourth gallery4 static filterable gallery_type gallery_image animated19\"><a data-rel=\"photography_gallery_10962\" data-title=\"\" data-desc=\"\" data-thumb=\"https:\/\/jankratochvil.com\/wp-content\/uploads\/2025\/02\/Arnost-Benes-Fotograf-zidovske-mesto-Trebic-18-225x300.jpg\" href=\"https:\/\/jankratochvil.com\/wp-content\/uploads\/2025\/02\/Arnost-Benes-Fotograf-zidovske-mesto-Trebic-18.jpg\"  class=\"fancy-gallery\"><img decoding=\"async\" src=\"https:\/\/jankratochvil.com\/wp-content\/uploads\/2025\/02\/Arnost-Benes-Fotograf-zidovske-mesto-Trebic-18-705x529.jpg\" alt=\"\" class=\"preview\"\/><\/a><\/div><\/div><div class=\"element grid  classic4_cols kenburns\"><div class=\"one_fourth gallery4 static filterable gallery_type gallery_image animated20\"><a data-rel=\"photography_gallery_10962\" data-title=\"\" data-desc=\"\" data-thumb=\"https:\/\/jankratochvil.com\/wp-content\/uploads\/2025\/02\/Arnost-Benes-Fotograf-zidovske-mesto-Trebic-15-225x300.jpg\" href=\"https:\/\/jankratochvil.com\/wp-content\/uploads\/2025\/02\/Arnost-Benes-Fotograf-zidovske-mesto-Trebic-15.jpg\"  class=\"fancy-gallery\"><img decoding=\"async\" src=\"https:\/\/jankratochvil.com\/wp-content\/uploads\/2025\/02\/Arnost-Benes-Fotograf-zidovske-mesto-Trebic-15-705x529.jpg\" alt=\"\" class=\"preview\"\/><\/a><\/div><\/div><div class=\"element grid  classic4_cols kenburns\"><div class=\"one_fourth gallery4 static filterable gallery_type gallery_image animated21\"><a data-rel=\"photography_gallery_10962\" data-title=\"\" data-desc=\"\" data-thumb=\"https:\/\/jankratochvil.com\/wp-content\/uploads\/2025\/02\/Arnost-Benes-Fotograf-zidovske-mesto-Trebic-25-225x300.jpg\" href=\"https:\/\/jankratochvil.com\/wp-content\/uploads\/2025\/02\/Arnost-Benes-Fotograf-zidovske-mesto-Trebic-25.jpg\"  class=\"fancy-gallery\"><img decoding=\"async\" src=\"https:\/\/jankratochvil.com\/wp-content\/uploads\/2025\/02\/Arnost-Benes-Fotograf-zidovske-mesto-Trebic-25-705x529.jpg\" alt=\"\" class=\"preview\"\/><\/a><\/div><\/div><div class=\"element grid  classic4_cols kenburns\"><div class=\"one_fourth gallery4 static filterable gallery_type gallery_image animated22\"><a data-rel=\"photography_gallery_10962\" data-title=\"\" data-desc=\"\" data-thumb=\"https:\/\/jankratochvil.com\/wp-content\/uploads\/2025\/02\/Arnost-Benes-Fotograf-zidovske-mesto-Trebic-6-225x300.jpg\" href=\"https:\/\/jankratochvil.com\/wp-content\/uploads\/2025\/02\/Arnost-Benes-Fotograf-zidovske-mesto-Trebic-6.jpg\"  class=\"fancy-gallery\"><img decoding=\"async\" src=\"https:\/\/jankratochvil.com\/wp-content\/uploads\/2025\/02\/Arnost-Benes-Fotograf-zidovske-mesto-Trebic-6-705x529.jpg\" alt=\"\" class=\"preview\"\/><\/a><\/div><\/div><div class=\"element grid  classic4_cols kenburns\"><div class=\"one_fourth gallery4 static filterable gallery_type gallery_image animated23\"><a data-rel=\"photography_gallery_10962\" data-title=\"\" data-desc=\"\" data-thumb=\"https:\/\/jankratochvil.com\/wp-content\/uploads\/2025\/02\/Arnost-Benes-Fotograf-zidovske-mesto-Trebic-11-225x300.jpg\" href=\"https:\/\/jankratochvil.com\/wp-content\/uploads\/2025\/02\/Arnost-Benes-Fotograf-zidovske-mesto-Trebic-11.jpg\"  class=\"fancy-gallery\"><img decoding=\"async\" src=\"https:\/\/jankratochvil.com\/wp-content\/uploads\/2025\/02\/Arnost-Benes-Fotograf-zidovske-mesto-Trebic-11-705x529.jpg\" alt=\"\" class=\"preview\"\/><\/a><\/div><\/div><div class=\"element grid  classic4_cols kenburns\"><div class=\"one_fourth gallery4 static filterable gallery_type gallery_image animated24\"><a data-rel=\"photography_gallery_10962\" data-title=\"\" data-desc=\"\" data-thumb=\"https:\/\/jankratochvil.com\/wp-content\/uploads\/2025\/02\/Arnost-Benes-Fotograf-zidovske-mesto-Trebic-13-225x300.jpg\" href=\"https:\/\/jankratochvil.com\/wp-content\/uploads\/2025\/02\/Arnost-Benes-Fotograf-zidovske-mesto-Trebic-13.jpg\"  class=\"fancy-gallery\"><img decoding=\"async\" src=\"https:\/\/jankratochvil.com\/wp-content\/uploads\/2025\/02\/Arnost-Benes-Fotograf-zidovske-mesto-Trebic-13-705x529.jpg\" alt=\"\" class=\"preview\"\/><\/a><\/div><\/div><div class=\"element grid  classic4_cols kenburns\"><div class=\"one_fourth gallery4 static filterable gallery_type gallery_image animated25\"><a data-rel=\"photography_gallery_10962\" data-title=\"\" data-desc=\"\" data-thumb=\"https:\/\/jankratochvil.com\/wp-content\/uploads\/2025\/02\/Arnost-Benes-Fotograf-zidovske-mesto-Trebic-24-225x300.jpg\" href=\"https:\/\/jankratochvil.com\/wp-content\/uploads\/2025\/02\/Arnost-Benes-Fotograf-zidovske-mesto-Trebic-24.jpg\"  class=\"fancy-gallery\"><img decoding=\"async\" src=\"https:\/\/jankratochvil.com\/wp-content\/uploads\/2025\/02\/Arnost-Benes-Fotograf-zidovske-mesto-Trebic-24-705x529.jpg\" alt=\"\" class=\"preview\"\/><\/a><\/div><\/div><\/div><\/div><br class=\"clear\"\/>\n","protected":false},"excerpt":{"rendered":"<p>Arno\u0161t Bene\u0161 &#8211; rod\u00e1k z m\u011bsta T\u0159eb\u00ed\u010d &#8211; osobnost \u010dlov\u011bka nadan\u00e9ho mnoha talenty Ve voln\u00e9m \u010dase se zaj\u00edm\u00e1m o historii rodn\u00e9 T\u0159eb\u00ed\u010de a \u010dasto proch\u00e1z\u00edm \u017eidovskou \u010dtvr\u0165, kter\u00e1 v sob\u011b skr\u00fdv\u00e1 neuv\u011b\u0159iteln\u00e9 p\u0159\u00edb\u011bhy. Proto jsem se s velk\u00fdm z\u00e1jmem vydal [&hellip;]<\/p>\n","protected":false},"author":2,"featured_media":10980,"comment_status":"closed","ping_status":"closed","sticky":false,"template":"","format":"standard","meta":{"_eb_attr":"","footnotes":""},"categories":[169,177],"tags":[],"class_list":["post-10989","post","type-post","status-publish","format-standard","has-post-thumbnail","hentry","category-exhibitions","category-trebic"],"_links":{"self":[{"href":"https:\/\/jankratochvil.com\/cs_cz\/wp-json\/wp\/v2\/posts\/10989","targetHints":{"allow":["GET"]}}],"collection":[{"href":"https:\/\/jankratochvil.com\/cs_cz\/wp-json\/wp\/v2\/posts"}],"about":[{"href":"https:\/\/jankratochvil.com\/cs_cz\/wp-json\/wp\/v2\/types\/post"}],"author":[{"embeddable":true,"href":"https:\/\/jankratochvil.com\/cs_cz\/wp-json\/wp\/v2\/users\/2"}],"replies":[{"embeddable":true,"href":"https:\/\/jankratochvil.com\/cs_cz\/wp-json\/wp\/v2\/comments?post=10989"}],"version-history":[{"count":7,"href":"https:\/\/jankratochvil.com\/cs_cz\/wp-json\/wp\/v2\/posts\/10989\/revisions"}],"predecessor-version":[{"id":10998,"href":"https:\/\/jankratochvil.com\/cs_cz\/wp-json\/wp\/v2\/posts\/10989\/revisions\/10998"}],"wp:featuredmedia":[{"embeddable":true,"href":"https:\/\/jankratochvil.com\/cs_cz\/wp-json\/wp\/v2\/media\/10980"}],"wp:attachment":[{"href":"https:\/\/jankratochvil.com\/cs_cz\/wp-json\/wp\/v2\/media?parent=10989"}],"wp:term":[{"taxonomy":"category","embeddable":true,"href":"https:\/\/jankratochvil.com\/cs_cz\/wp-json\/wp\/v2\/categories?post=10989"},{"taxonomy":"post_tag","embeddable":true,"href":"https:\/\/jankratochvil.com\/cs_cz\/wp-json\/wp\/v2\/tags?post=10989"}],"curies":[{"name":"wp","href":"https:\/\/api.w.org\/{rel}","templated":true}]}}